{"id":5719,"date":"2023-07-08T19:10:29","date_gmt":"2023-07-08T17:10:29","guid":{"rendered":"http:\/\/www.climbingsessions.com\/?p=5719"},"modified":"2023-07-08T19:17:39","modified_gmt":"2023-07-08T17:17:39","slug":"muenchner-stadtmeisterschaft-handicap-special-15-juli","status":"publish","type":"post","link":"http:\/\/www.climbingsessions.com\/?p=5719","title":{"rendered":"M\u00fcnchner Stadtmeisterschaft Handicap\/Special 15. Juli"},"content":{"rendered":"\n<figure class=\"wp-block-image size-large\"><img loading=\"lazy\" decoding=\"async\" width=\"734\" height=\"1024\" src=\"http:\/\/www.climbingsessions.com\/wp-content\/uploads\/2023\/07\/2022-06-13-DAV-MuenchStadtMeisterschaft-A3-Plakat-734x1024.jpg\" alt=\"\" class=\"wp-image-5720\" srcset=\"http:\/\/www.climbingsessions.com\/wp-content\/uploads\/2023\/07\/2022-06-13-DAV-MuenchStadtMeisterschaft-A3-Plakat-734x1024.jpg 734w, http:\/\/www.climbingsessions.com\/wp-content\/uploads\/2023\/07\/2022-06-13-DAV-MuenchStadtMeisterschaft-A3-Plakat-215x300.jpg 215w, http:\/\/www.climbingsessions.com\/wp-content\/uploads\/2023\/07\/2022-06-13-DAV-MuenchStadtMeisterschaft-A3-Plakat-768x1071.jpg 768w, http:\/\/www.climbingsessions.com\/wp-content\/uploads\/2023\/07\/2022-06-13-DAV-MuenchStadtMeisterschaft-A3-Plakat-1102x1536.jpg 1102w, http:\/\/www.climbingsessions.com\/wp-content\/uploads\/2023\/07\/2022-06-13-DAV-MuenchStadtMeisterschaft-A3-Plakat-1469x2048.jpg 1469w, http:\/\/www.climbingsessions.com\/wp-content\/uploads\/2023\/07\/2022-06-13-DAV-MuenchStadtMeisterschaft-A3-Plakat-scaled.jpg 1836w\" sizes=\"auto, (max-width: 734px) 100vw, 734px\" \/><\/figure>\n\n\n\n<p>Am 15. Juli findet die 19. M\u00fcnchner Stadtmeisterschaft statt. Sie ist das Finale des Oberlandcup 2023, der sich aus der Gilchinger Meisterschaft (Bouldern + Lead), der T\u00f6lzer Stadtmeisterschaft (eher Lead) und der M\u00fcnchner Stadtmeisterschaft (Bouldern) zusammensetzt.<\/p>\n\n\n\n<p>Was die M\u00fcnchner Stadtmeisterschaft aber ganz besonders auszeichnet ist die Handicapwertung, bei der seit vielen Jahren auch die M\u00fcnchner Handicapstadtmeister ermittelt werden. Die findet erstmals wieder seit dem Pandemieausbruch Anfang 2020 wieder statt.<\/p>\n\n\n\n<figure class=\"wp-block-image size-large\"><img loading=\"lazy\" decoding=\"async\" width=\"1024\" height=\"683\" src=\"http:\/\/www.climbingsessions.com\/wp-content\/uploads\/2023\/07\/MKO_Stadtmeisterschaften-Muen-chen_2019_182_Copyright-Marco-Kost-1024x683.jpg\" alt=\"\" class=\"wp-image-5724\" srcset=\"http:\/\/www.climbingsessions.com\/wp-content\/uploads\/2023\/07\/MKO_Stadtmeisterschaften-Muen-chen_2019_182_Copyright-Marco-Kost-1024x683.jpg 1024w, http:\/\/www.climbingsessions.com\/wp-content\/uploads\/2023\/07\/MKO_Stadtmeisterschaften-Muen-chen_2019_182_Copyright-Marco-Kost-300x200.jpg 300w, http:\/\/www.climbingsessions.com\/wp-content\/uploads\/2023\/07\/MKO_Stadtmeisterschaften-Muen-chen_2019_182_Copyright-Marco-Kost-768x512.jpg 768w, http:\/\/www.climbingsessions.com\/wp-content\/uploads\/2023\/07\/MKO_Stadtmeisterschaften-Muen-chen_2019_182_Copyright-Marco-Kost-1536x1024.jpg 1536w, http:\/\/www.climbingsessions.com\/wp-content\/uploads\/2023\/07\/MKO_Stadtmeisterschaften-Muen-chen_2019_182_Copyright-Marco-Kost-2048x1365.jpg 2048w\" sizes=\"auto, (max-width: 1024px) 100vw, 1024px\" \/><figcaption class=\"wp-element-caption\">17. Stadtmeisterschaften M\u00fcnchen, DAV Kletter- und Boulderzentrum M\u00fcnchen-Freimann; Foto: Marco Kost<\/figcaption><\/figure>\n\n\n\n<p>An 6 Routen k\u00f6nnen die handicapler in insgesamt 6 Klassen (Kinder Handicap und Special, sowie Damen und Herren jeweils Handicap und Special) ihr K\u00f6nnen demonstrieren. Die Routen sind extra f\u00fcr die Handicap\/Special-Klassen an freien W\u00e4nden geschraubt worden und reichen vom 3ten bis zum 8ten Grad.<\/p>\n\n\n\n<figure class=\"wp-block-image size-large\"><img loading=\"lazy\" decoding=\"async\" width=\"683\" height=\"1024\" src=\"http:\/\/www.climbingsessions.com\/wp-content\/uploads\/2023\/07\/MKO_Stadtmeisterschaften-Muen-chen_2019_048_Copyright-Marco-Kost-683x1024.jpg\" alt=\"\" class=\"wp-image-5723\" srcset=\"http:\/\/www.climbingsessions.com\/wp-content\/uploads\/2023\/07\/MKO_Stadtmeisterschaften-Muen-chen_2019_048_Copyright-Marco-Kost-683x1024.jpg 683w, http:\/\/www.climbingsessions.com\/wp-content\/uploads\/2023\/07\/MKO_Stadtmeisterschaften-Muen-chen_2019_048_Copyright-Marco-Kost-200x300.jpg 200w, http:\/\/www.climbingsessions.com\/wp-content\/uploads\/2023\/07\/MKO_Stadtmeisterschaften-Muen-chen_2019_048_Copyright-Marco-Kost-768x1152.jpg 768w, http:\/\/www.climbingsessions.com\/wp-content\/uploads\/2023\/07\/MKO_Stadtmeisterschaften-Muen-chen_2019_048_Copyright-Marco-Kost-1024x1536.jpg 1024w, http:\/\/www.climbingsessions.com\/wp-content\/uploads\/2023\/07\/MKO_Stadtmeisterschaften-Muen-chen_2019_048_Copyright-Marco-Kost-1365x2048.jpg 1365w, http:\/\/www.climbingsessions.com\/wp-content\/uploads\/2023\/07\/MKO_Stadtmeisterschaften-Muen-chen_2019_048_Copyright-Marco-Kost-scaled.jpg 1707w\" sizes=\"auto, (max-width: 683px) 100vw, 683px\" \/><figcaption class=\"wp-element-caption\">17. Stadtmeisterschaften M\u00fcnchen, DAV Kletter- und Boulderzentrum M\u00fcnchen-Freimann; Foto: Marco Kost<\/figcaption><\/figure>\n\n\n\n<p>Ein ganz besonderer H\u00f6hepunkt im Klettern erwartet damit die M\u00fcnchner Kletter- und Boulderszene.<\/p>\n\n\n\n<p>Ich freue mich schon darauf! \ud83d\ude42 <a href=\"https:\/\/www.alpenverein-muenchen-oberland.de\/events\/oberlandcup\/muenchner-stadtmeisterschaft\">Anmeldung, Infos gibts hier&#8230;<\/a><\/p>\n\n\n\n<figure class=\"wp-block-image size-large\"><img loading=\"lazy\" decoding=\"async\" width=\"1024\" height=\"683\" src=\"http:\/\/www.climbingsessions.com\/wp-content\/uploads\/2023\/07\/MKO_Stadtmeisterschaften-Muen-chen_2019_179_Copyright-Marco-Kost-1024x683.jpg\" alt=\"\" class=\"wp-image-5726\" srcset=\"http:\/\/www.climbingsessions.com\/wp-content\/uploads\/2023\/07\/MKO_Stadtmeisterschaften-Muen-chen_2019_179_Copyright-Marco-Kost-1024x683.jpg 1024w, http:\/\/www.climbingsessions.com\/wp-content\/uploads\/2023\/07\/MKO_Stadtmeisterschaften-Muen-chen_2019_179_Copyright-Marco-Kost-300x200.jpg 300w, http:\/\/www.climbingsessions.com\/wp-content\/uploads\/2023\/07\/MKO_Stadtmeisterschaften-Muen-chen_2019_179_Copyright-Marco-Kost-768x512.jpg 768w, http:\/\/www.climbingsessions.com\/wp-content\/uploads\/2023\/07\/MKO_Stadtmeisterschaften-Muen-chen_2019_179_Copyright-Marco-Kost-1536x1024.jpg 1536w, http:\/\/www.climbingsessions.com\/wp-content\/uploads\/2023\/07\/MKO_Stadtmeisterschaften-Muen-chen_2019_179_Copyright-Marco-Kost-2048x1365.jpg 2048w\" sizes=\"auto, (max-width: 1024px) 100vw, 1024px\" \/><figcaption class=\"wp-element-caption\">17. Stadtmeisterschaften M\u00fcnchen, DAV Kletter- und Boulderzentrum M\u00fcnchen-Freimann; Foto: Marco <\/figcaption><\/figure>\n\n\n\n<p><\/p>\n","protected":false},"excerpt":{"rendered":"<p>Am 15. Juli findet die 19. M\u00fcnchner Stadtmeisterschaft statt. Sie ist das Finale des Oberlandcup 2023, der sich aus der Gilchinger Meisterschaft (Bouldern + Lead), der T\u00f6lzer Stadtmeisterschaft (eher Lead) und der M\u00fcnchner Stadtmeisterschaft (Bouldern) zusammensetzt. Was die M\u00fcnchner Stadtmeisterschaft aber ganz besonders auszeichnet ist die Handicapwertung, bei der seit vielen Jahren auch die M\u00fcnchner [&hellip;]<\/p>\n","protected":false},"author":1,"featured_media":0,"comment_status":"closed","ping_status":"closed","sticky":false,"template":"","format":"standard","meta":{"footnotes":""},"categories":[1],"tags":[128,494,167,131,424,90,495,101],"class_list":["post-5719","post","type-post","status-publish","format-standard","hentry","category-allgemein","tag-boulderwettkampf","tag-handicap","tag-munchen","tag-munchen-oberland","tag-muenchner-stadtmeisterschaft","tag-oberlandcup","tag-specials","tag-wettkampf"],"_links":{"self":[{"href":"http:\/\/www.climbingsessions.com\/index.php?rest_route=\/wp\/v2\/posts\/5719","targetHints":{"allow":["GET"]}}],"collection":[{"href":"http:\/\/www.climbingsessions.com\/index.php?rest_route=\/wp\/v2\/posts"}],"about":[{"href":"http:\/\/www.climbingsessions.com\/index.php?rest_route=\/wp\/v2\/types\/post"}],"author":[{"embeddable":true,"href":"http:\/\/www.climbingsessions.com\/index.php?rest_route=\/wp\/v2\/users\/1"}],"replies":[{"embeddable":true,"href":"http:\/\/www.climbingsessions.com\/index.php?rest_route=%2Fwp%2Fv2%2Fcomments&post=5719"}],"version-history":[{"count":8,"href":"http:\/\/www.climbingsessions.com\/index.php?rest_route=\/wp\/v2\/posts\/5719\/revisions"}],"predecessor-version":[{"id":5731,"href":"http:\/\/www.climbingsessions.com\/index.php?rest_route=\/wp\/v2\/posts\/5719\/revisions\/5731"}],"wp:attachment":[{"href":"http:\/\/www.climbingsessions.com\/index.php?rest_route=%2Fwp%2Fv2%2Fmedia&parent=5719"}],"wp:term":[{"taxonomy":"category","embeddable":true,"href":"http:\/\/www.climbingsessions.com\/index.php?rest_route=%2Fwp%2Fv2%2Fcategories&post=5719"},{"taxonomy":"post_tag","embeddable":true,"href":"http:\/\/www.climbingsessions.com\/index.php?rest_route=%2Fwp%2Fv2%2Ftags&post=5719"}],"curies":[{"name":"wp","href":"https:\/\/api.w.org\/{rel}","templated":true}]}}