{"id":5231,"date":"2020-11-11T17:26:02","date_gmt":"2020-11-11T16:26:02","guid":{"rendered":"http:\/\/www.climbingsessions.com\/?p=5231"},"modified":"2020-11-12T13:03:26","modified_gmt":"2020-11-12T12:03:26","slug":"boulderkurs-im-zillertal","status":"publish","type":"post","link":"http:\/\/www.climbingsessions.com\/?p=5231","title":{"rendered":"Boulderkurs im Zillertal"},"content":{"rendered":"<div id=\"attachment_5235\" style=\"width: 510px\" class=\"wp-caption alignleft\"><img loading=\"lazy\" decoding=\"async\" aria-describedby=\"caption-attachment-5235\" class=\"size-full wp-image-5235\" src=\"http:\/\/www.climbingsessions.com\/wp-content\/uploads\/2020\/11\/an-der-kaserler-alm.jpg\" alt=\"Im \u201eunteren\u201c Sektor der Kaserler Alm wimmelte es von Boulderern\" width=\"500\" height=\"375\" srcset=\"http:\/\/www.climbingsessions.com\/wp-content\/uploads\/2020\/11\/an-der-kaserler-alm.jpg 500w, http:\/\/www.climbingsessions.com\/wp-content\/uploads\/2020\/11\/an-der-kaserler-alm-300x225.jpg 300w\" sizes=\"auto, (max-width: 500px) 100vw, 500px\" \/><p id=\"caption-attachment-5235\" class=\"wp-caption-text\">Im \u201eunteren\u201c Sektor der Kaserler Alm wimmelte es von Boulderern<\/p><\/div>\n<p>Im\u00a0Fr\u00fchherbst leitete\u00a0ich zusammen mit Hans Hocke f\u00fcr das <a href=\"http:\/\/www.climbingsessions.com\/?tag=bundeslehrteam-sportklettern\" target=\"_blank\">DAV-Bundeslehrteam Sportklettern<\/a> eine Boulderfortbildung im Tiroler Zillertal. Das Zillertal\u00a0wartet um diese Jahreszeit mit einer magischen Atmosph\u00e4re\u00a0auf. Auf den schneebedeckten Felsspitzen der 3000er ist bereits der Winter eingezogen, an den darunterliegenden, steil abfallenden H\u00e4ngen lassen sich\u00a0die Entwicklungsstufen des Herbstes ablesen.\u00a0Unterhalb des\u00a0Schnees folgen braune Grash\u00e4nge, die sich ab der Baumgrenze\u00a0orange pr\u00e4sentieren.<\/p>\n<div id=\"attachment_5244\" style=\"width: 510px\" class=\"wp-caption alignleft\"><img loading=\"lazy\" decoding=\"async\" aria-describedby=\"caption-attachment-5244\" class=\"size-full wp-image-5244\" src=\"http:\/\/www.climbingsessions.com\/wp-content\/uploads\/2020\/11\/prozession-der-bouldermatte.jpg\" alt=\"Prozession der Bouldermattentr\u00e4ger im Ginzlinger Tal\" width=\"500\" height=\"375\" srcset=\"http:\/\/www.climbingsessions.com\/wp-content\/uploads\/2020\/11\/prozession-der-bouldermatte.jpg 500w, http:\/\/www.climbingsessions.com\/wp-content\/uploads\/2020\/11\/prozession-der-bouldermatte-300x225.jpg 300w\" sizes=\"auto, (max-width: 500px) 100vw, 500px\" \/><p id=\"caption-attachment-5244\" class=\"wp-caption-text\">Prozession der Bouldermattentr\u00e4ger im Ginzlinger Tal<\/p><\/div>\n<p>Mit jedem Meter tiefer werden die Farben der Natur satter und gr\u00fcner. Unten im Tal\u00a0f\u00fchrt bei\u00a0 Temperaturen deutlich \u00fcber 20\u00b0 noch der Sp\u00e4tsommer\u00a0seine Regie. Nachts, wenn es aufklart kann es jedoch schon k\u00e4lter werden. Gut so, dann hat der Fels am n\u00e4chsten Tag den gew\u00fcnschten Grip um auch kleine Microgriffchen\u00a0&#8222;nageln&#8220; zu k\u00f6nnen.<\/p>\n<div id=\"attachment_5237\" style=\"width: 510px\" class=\"wp-caption alignleft\"><img loading=\"lazy\" decoding=\"async\" aria-describedby=\"caption-attachment-5237\" class=\"size-full wp-image-5237\" src=\"http:\/\/www.climbingsessions.com\/wp-content\/uploads\/2020\/11\/zillertal-fr\u00fchherbst.jpg\" alt=\"Magisches Zillertal im Fr\u00fchherbst: auf den Bergspitzen leuchtet der erste Schnee, unten im Tal ist fast noch Sommer\" width=\"500\" height=\"375\" srcset=\"http:\/\/www.climbingsessions.com\/wp-content\/uploads\/2020\/11\/zillertal-fr\u00fchherbst.jpg 500w, http:\/\/www.climbingsessions.com\/wp-content\/uploads\/2020\/11\/zillertal-fr\u00fchherbst-300x225.jpg 300w\" sizes=\"auto, (max-width: 500px) 100vw, 500px\" \/><p id=\"caption-attachment-5237\" class=\"wp-caption-text\">Magisches Zillertal im Fr\u00fchherbst: auf den Bergspitzen leuchtet der erste Schnee, unten im Tal ist fast noch Sommer<\/p><\/div>\n<p>Beste Bedingungen also\u00a0f\u00fcr das Klettern an den\u00a0Boulderbl\u00f6cken des &#8222;Chillertales&#8220;. Interessierte Teilnehmer, aus einem breiten Spektrum der deutschen Trainerszene,\u00a0genossen zwei Tage\u00a0mit harten Z\u00fcgen am Granit. Wieder einmal habe ich festgestellt, dass von den nahegelegeneren Bouldergebieten, das Zillertal zur Recht besonders beliebt ist.<\/p>\n<div id=\"attachment_5241\" style=\"width: 510px\" class=\"wp-caption alignleft\"><img loading=\"lazy\" decoding=\"async\" aria-describedby=\"caption-attachment-5241\" class=\"size-full wp-image-5241\" src=\"http:\/\/www.climbingsessions.com\/wp-content\/uploads\/2020\/11\/ziegen-im-sundergrund.jpg\" alt=\"Auch die Ziegen scheinen die lauschige Atmosph\u00e4re im Sundergrund zu geniessen.\" width=\"500\" height=\"293\" srcset=\"http:\/\/www.climbingsessions.com\/wp-content\/uploads\/2020\/11\/ziegen-im-sundergrund.jpg 500w, http:\/\/www.climbingsessions.com\/wp-content\/uploads\/2020\/11\/ziegen-im-sundergrund-300x176.jpg 300w\" sizes=\"auto, (max-width: 500px) 100vw, 500px\" \/><p id=\"caption-attachment-5241\" class=\"wp-caption-text\">Auch die Ziegen scheinen die lauschige Atmosph\u00e4re im Sundergrund zu geniessen.<\/p><\/div>\n<p>Erfreulich auch, dass es mir gelang &#8222;Firewalk&#8220; (7A+) am bekanntesten Boulderblock des Sundergrund zu ziehen. &#8222;Firewalk&#8220; ist das was noch von &#8222;Moonwalk&#8220; \u00fcbrig geblieben ist. Vor einigen Jahren\u00a0entfachten einige Einheimische <a href=\"https:\/\/www.outdoor-magazin.com\/klettern\/feuer-im-sundergrund-moonwalk-7a-zerstoert\/\" target=\"_blank\">unter dem Boulderblock ein Lagerfeuer<\/a>, wodurch eine gro\u00dfe Granitplatte mit den entscheidenden Griffen aus der Wand platzte. Mein Fazit: &#8222;Moonwalk&#8220; war ein hervorragender Boulder aber &#8222;Firewalk&#8220; macht fast genauso viel Spa\u00df.<\/p>\n<div id=\"attachment_5239\" style=\"width: 345px\" class=\"wp-caption alignleft\"><img loading=\"lazy\" decoding=\"async\" aria-describedby=\"caption-attachment-5239\" class=\"size-full wp-image-5239\" src=\"http:\/\/www.climbingsessions.com\/wp-content\/uploads\/2020\/11\/zerst\u00f6rter-Moonwalk-Sunderg.jpg\" alt=\"Der zerst\u00f6rte &quot;Moonwalk&quot;; Foto: Outdoor Magazin\" width=\"335\" height=\"384\" srcset=\"http:\/\/www.climbingsessions.com\/wp-content\/uploads\/2020\/11\/zerst\u00f6rter-Moonwalk-Sunderg.jpg 335w, http:\/\/www.climbingsessions.com\/wp-content\/uploads\/2020\/11\/zerst\u00f6rter-Moonwalk-Sunderg-262x300.jpg 262w\" sizes=\"auto, (max-width: 335px) 100vw, 335px\" \/><p id=\"caption-attachment-5239\" class=\"wp-caption-text\">Der zerst\u00f6rte &#8222;Moonwalk&#8220;; Foto: Outdoor Magazin<\/p><\/div>\n","protected":false},"excerpt":{"rendered":"<p>Im\u00a0Fr\u00fchherbst leitete\u00a0ich zusammen mit Hans Hocke f\u00fcr das DAV-Bundeslehrteam Sportklettern eine Boulderfortbildung im Tiroler Zillertal. Das Zillertal\u00a0wartet um diese Jahreszeit mit einer magischen Atmosph\u00e4re\u00a0auf. Auf den schneebedeckten Felsspitzen der 3000er ist bereits der Winter eingezogen, an den darunterliegenden, steil abfallenden H\u00e4ngen lassen sich\u00a0die Entwicklungsstufen des Herbstes ablesen.\u00a0Unterhalb des\u00a0Schnees folgen braune Grash\u00e4nge, die sich ab der [&hellip;]<\/p>\n","protected":false},"author":1,"featured_media":0,"comment_status":"closed","ping_status":"closed","sticky":false,"template":"","format":"standard","meta":{"footnotes":""},"categories":[116,15,85],"tags":[7,282,181,267,118,196,268,182,210],"class_list":["post-5231","post","type-post","status-publish","format-standard","hentry","category-diverses","category-trainer","category-veranstaltung","tag-bouldern","tag-bundeslehrteam","tag-bundeslehrteam-sportklettern","tag-dav-bundeslehrteam","tag-fortbildung","tag-lehrteam","tag-lehrteam-dav","tag-lehrteam-des-dav","tag-zillertal"],"_links":{"self":[{"href":"http:\/\/www.climbingsessions.com\/index.php?rest_route=\/wp\/v2\/posts\/5231","targetHints":{"allow":["GET"]}}],"collection":[{"href":"http:\/\/www.climbingsessions.com\/index.php?rest_route=\/wp\/v2\/posts"}],"about":[{"href":"http:\/\/www.climbingsessions.com\/index.php?rest_route=\/wp\/v2\/types\/post"}],"author":[{"embeddable":true,"href":"http:\/\/www.climbingsessions.com\/index.php?rest_route=\/wp\/v2\/users\/1"}],"replies":[{"embeddable":true,"href":"http:\/\/www.climbingsessions.com\/index.php?rest_route=%2Fwp%2Fv2%2Fcomments&post=5231"}],"version-history":[{"count":12,"href":"http:\/\/www.climbingsessions.com\/index.php?rest_route=\/wp\/v2\/posts\/5231\/revisions"}],"predecessor-version":[{"id":5262,"href":"http:\/\/www.climbingsessions.com\/index.php?rest_route=\/wp\/v2\/posts\/5231\/revisions\/5262"}],"wp:attachment":[{"href":"http:\/\/www.climbingsessions.com\/index.php?rest_route=%2Fwp%2Fv2%2Fmedia&parent=5231"}],"wp:term":[{"taxonomy":"category","embeddable":true,"href":"http:\/\/www.climbingsessions.com\/index.php?rest_route=%2Fwp%2Fv2%2Fcategories&post=5231"},{"taxonomy":"post_tag","embeddable":true,"href":"http:\/\/www.climbingsessions.com\/index.php?rest_route=%2Fwp%2Fv2%2Ftags&post=5231"}],"curies":[{"name":"wp","href":"https:\/\/api.w.org\/{rel}","templated":true}]}}