{"id":4542,"date":"2019-06-30T14:25:27","date_gmt":"2019-06-30T12:25:27","guid":{"rendered":"http:\/\/www.climbingsessions.com\/?p=4542"},"modified":"2019-06-30T14:31:25","modified_gmt":"2019-06-30T12:31:25","slug":"arco-amore-mio-frei-nach-andi-dick","status":"publish","type":"post","link":"http:\/\/www.climbingsessions.com\/?p=4542","title":{"rendered":"Arco amore mio (frei nach Andi Dick)"},"content":{"rendered":"<div id=\"attachment_4543\" style=\"width: 510px\" class=\"wp-caption alignleft\"><img loading=\"lazy\" decoding=\"async\" aria-describedby=\"caption-attachment-4543\" class=\"wp-image-4543 size-full\" src=\"http:\/\/www.climbingsessions.com\/wp-content\/uploads\/2019\/06\/piccolo-dain-web.jpg\" alt=\"piccolo-dain-web\" width=\"500\" height=\"667\" srcset=\"http:\/\/www.climbingsessions.com\/wp-content\/uploads\/2019\/06\/piccolo-dain-web.jpg 500w, http:\/\/www.climbingsessions.com\/wp-content\/uploads\/2019\/06\/piccolo-dain-web-225x300.jpg 225w\" sizes=\"auto, (max-width: 500px) 100vw, 500px\" \/><p id=\"caption-attachment-4543\" class=\"wp-caption-text\">Ganz klein erkennt man den Gleitschirmflieger, der vom m\u00e4chtigen Piccolo Dain (Kleiner Zahn) 600m \u00fcber dem \u00d6rtchen Sarcche in den blauen Himmel startet. Der wundersch\u00f6ne, neu eingerichtete Sektor befindet sich in der untern Bildmitte links, genau hinter dem Laternenmast.<\/p><\/div>\n<p>Wer klettert (oder mountainbiked) und war noch nicht in Arco? Andi Dick, der M\u00fcnchner Kletterbarde hat Arco sogar ein (lachmuskelreizendes) Liedchen gewidmet (das sollte man genauso kennen, wie die gute Pizza in Arco). Das italienische Arco etwas n\u00f6rdlich des Gardasees gelegen, ist so etwas wie das Mekka des (Fels-)Sportkletterns. Als Kletterer ein Muss und obwohl in manchen Bereichen schon etwas in die Jahre gekommen, wird es best\u00e4ndig ausgebaut. Gerade deshalb und nicht nur wegen seiner schier unerme\u00dflichen Vielfalt bleibt Arco f\u00fcr Kletterer interessant.<\/p>\n<p>Im Juni hatte ich die Ehre zum ersten Mal einen offiziellen Trainerlehrgang in Arco zusammen mit Michi Hoffmann leiten zu d\u00fcrfen (ein Lehrteamkollege fiel aus -&gt; ich durfte einspringen). Zu dem Lehrgang zweierlei: da ich bisher vergleichsweise selten in Arco (vielleicht drei Dutzend Mal) klettern war, war ich sehr dankbar, dass Michi\u00a0 die Felsauswahl \u00fcbernahm. Wir suchten zwar einige der \u00fcblichen Locations (Massone, Nago, Asino) auf, aber unter dem Aspekt Lehrgang war das auch f\u00fcr mich interessant. Ein fantastisches, neu erschlossenes Gebiet am Eingang des Ledrotales mit herrlichem Blick hinunter auf den See, w\u00e4hlten wir f\u00fcr einen weiteren Lehrgangstag aus. Die Teilnehmer \u00e4u\u00dferten sich begeistert.<\/p>\n<p>Nach dem Lehrgang g\u00f6nnten wir uns noch 1 1\/2 entspannte Tage an einem anderen wundersch\u00f6nen, neu eingerichteten Massiv \u00fcber Sarche sowie im nicht mehr ganz ultraneuen, aber dennoch zu den neuen Arco-High-Lights z\u00e4hlenden Padaro. In den zwei Tagen stand der Genu\u00df im Vordergrund, also mehr Masse als Klasse, bis 7b+ im Flash&#8230; Super!<\/p>\n","protected":false},"excerpt":{"rendered":"<p>Wer klettert (oder mountainbiked) und war noch nicht in Arco? Andi Dick, der M\u00fcnchner Kletterbarde hat Arco sogar ein (lachmuskelreizendes) Liedchen gewidmet (das sollte man genauso kennen, wie die gute Pizza in Arco). Das italienische Arco etwas n\u00f6rdlich des Gardasees gelegen, ist so etwas wie das Mekka des (Fels-)Sportkletterns. Als Kletterer ein Muss und obwohl [&hellip;]<\/p>\n","protected":false},"author":1,"featured_media":0,"comment_status":"closed","ping_status":"closed","sticky":false,"template":"","format":"standard","meta":{"footnotes":""},"categories":[116,15],"tags":[189,282,181,267,295,280,268],"class_list":["post-4542","post","type-post","status-publish","format-standard","hentry","category-diverses","category-trainer","tag-arco","tag-bundeslehrteam","tag-bundeslehrteam-sportklettern","tag-dav-bundeslehrteam","tag-felsklettern","tag-lehrgang","tag-lehrteam-dav"],"_links":{"self":[{"href":"http:\/\/www.climbingsessions.com\/index.php?rest_route=\/wp\/v2\/posts\/4542","targetHints":{"allow":["GET"]}}],"collection":[{"href":"http:\/\/www.climbingsessions.com\/index.php?rest_route=\/wp\/v2\/posts"}],"about":[{"href":"http:\/\/www.climbingsessions.com\/index.php?rest_route=\/wp\/v2\/types\/post"}],"author":[{"embeddable":true,"href":"http:\/\/www.climbingsessions.com\/index.php?rest_route=\/wp\/v2\/users\/1"}],"replies":[{"embeddable":true,"href":"http:\/\/www.climbingsessions.com\/index.php?rest_route=%2Fwp%2Fv2%2Fcomments&post=4542"}],"version-history":[{"count":10,"href":"http:\/\/www.climbingsessions.com\/index.php?rest_route=\/wp\/v2\/posts\/4542\/revisions"}],"predecessor-version":[{"id":4553,"href":"http:\/\/www.climbingsessions.com\/index.php?rest_route=\/wp\/v2\/posts\/4542\/revisions\/4553"}],"wp:attachment":[{"href":"http:\/\/www.climbingsessions.com\/index.php?rest_route=%2Fwp%2Fv2%2Fmedia&parent=4542"}],"wp:term":[{"taxonomy":"category","embeddable":true,"href":"http:\/\/www.climbingsessions.com\/index.php?rest_route=%2Fwp%2Fv2%2Fcategories&post=4542"},{"taxonomy":"post_tag","embeddable":true,"href":"http:\/\/www.climbingsessions.com\/index.php?rest_route=%2Fwp%2Fv2%2Ftags&post=4542"}],"curies":[{"name":"wp","href":"https:\/\/api.w.org\/{rel}","templated":true}]}}