{"id":4132,"date":"2018-04-30T01:53:42","date_gmt":"2018-04-29T23:53:42","guid":{"rendered":"http:\/\/www.climbingsessions.com\/?p=4132"},"modified":"2018-04-30T01:53:42","modified_gmt":"2018-04-29T23:53:42","slug":"ceredo-mal-wieder","status":"publish","type":"post","link":"http:\/\/www.climbingsessions.com\/?p=4132","title":{"rendered":"Ceredo &#8211; mal wieder!"},"content":{"rendered":"<div id=\"attachment_4133\" style=\"width: 510px\" class=\"wp-caption alignleft\"><img loading=\"lazy\" decoding=\"async\" aria-describedby=\"caption-attachment-4133\" class=\"wp-image-4133 size-full\" src=\"http:\/\/www.climbingsessions.com\/wp-content\/uploads\/2018\/04\/monte-baldo.jpg\" alt=\"monte-baldo\" width=\"500\" height=\"281\" srcset=\"http:\/\/www.climbingsessions.com\/wp-content\/uploads\/2018\/04\/monte-baldo.jpg 500w, http:\/\/www.climbingsessions.com\/wp-content\/uploads\/2018\/04\/monte-baldo-300x169.jpg 300w\" sizes=\"auto, (max-width: 500px) 100vw, 500px\" \/><p id=\"caption-attachment-4133\" class=\"wp-caption-text\">Blick von Ceredo (Ort) hin\u00fcber zum noch schneebedeckten Monte Baldo<\/p><\/div>\n<p>Nach Ceredo fahre ich seit \u00fcber 10 Jahren. Ich liebe Kletterspots, die einst \u00fcberlaufen waren und aus dem sich die Massen zur\u00fcckgezogen haben. Ceredo z\u00e4hlt zu diesen Gebieten. Fast ausgestorben kam mir der kleine Ort und das unterhalb gelegene Top Klettergebiet in den italienischen Voralpen zu Ostern vor. Mit Athleten der Wettkampfkader 1 und 2 von M\u00fcnchen &amp; Oberland hatte ich die Ehre in Ceredo wieder einmal Hand an den Fels zu legen.<\/p>\n<div id=\"attachment_4135\" style=\"width: 510px\" class=\"wp-caption alignleft\"><img loading=\"lazy\" decoding=\"async\" aria-describedby=\"caption-attachment-4135\" class=\"wp-image-4135 size-full\" src=\"http:\/\/www.climbingsessions.com\/wp-content\/uploads\/2018\/04\/ceredo-ostramandra.jpg\" alt=\"ceredo-ostramandra\" width=\"500\" height=\"375\" srcset=\"http:\/\/www.climbingsessions.com\/wp-content\/uploads\/2018\/04\/ceredo-ostramandra.jpg 500w, http:\/\/www.climbingsessions.com\/wp-content\/uploads\/2018\/04\/ceredo-ostramandra-300x225.jpg 300w\" sizes=\"auto, (max-width: 500px) 100vw, 500px\" \/><p id=\"caption-attachment-4135\" class=\"wp-caption-text\">Ceredo (Klettergebiet) in der Morgensonne<\/p><\/div>\n<p>&nbsp;<\/p>\n<div id=\"attachment_4136\" style=\"width: 510px\" class=\"wp-caption alignleft\"><img loading=\"lazy\" decoding=\"async\" aria-describedby=\"caption-attachment-4136\" class=\"wp-image-4136 size-full\" src=\"http:\/\/www.climbingsessions.com\/wp-content\/uploads\/2018\/04\/zaquete.jpg\" alt=\"zaquete\" width=\"500\" height=\"667\" srcset=\"http:\/\/www.climbingsessions.com\/wp-content\/uploads\/2018\/04\/zaquete.jpg 500w, http:\/\/www.climbingsessions.com\/wp-content\/uploads\/2018\/04\/zaquete-225x300.jpg 225w\" sizes=\"auto, (max-width: 500px) 100vw, 500px\" \/><p id=\"caption-attachment-4136\" class=\"wp-caption-text\">Im linken, noch gar nicht so stark \u00fcberh\u00e4ngenden Teil des imposnten Sektors Ostramandra<\/p><\/div>\n<p>&nbsp;<\/p>\n<div id=\"attachment_4137\" style=\"width: 510px\" class=\"wp-caption alignleft\"><img loading=\"lazy\" decoding=\"async\" aria-describedby=\"caption-attachment-4137\" class=\"wp-image-4137 size-full\" src=\"http:\/\/www.climbingsessions.com\/wp-content\/uploads\/2018\/04\/schlafen.jpg\" alt=\"schlafen\" width=\"500\" height=\"667\" srcset=\"http:\/\/www.climbingsessions.com\/wp-content\/uploads\/2018\/04\/schlafen.jpg 500w, http:\/\/www.climbingsessions.com\/wp-content\/uploads\/2018\/04\/schlafen-225x300.jpg 225w\" sizes=\"auto, (max-width: 500px) 100vw, 500px\" \/><p id=\"caption-attachment-4137\" class=\"wp-caption-text\">Wer viel klettert, muss auch viel schlafen&#8230;<\/p><\/div>\n","protected":false},"excerpt":{"rendered":"<p>Nach Ceredo fahre ich seit \u00fcber 10 Jahren. Ich liebe Kletterspots, die einst \u00fcberlaufen waren und aus dem sich die Massen zur\u00fcckgezogen haben. Ceredo z\u00e4hlt zu diesen Gebieten. Fast ausgestorben kam mir der kleine Ort und das unterhalb gelegene Top Klettergebiet in den italienischen Voralpen zu Ostern vor. Mit Athleten der Wettkampfkader 1 und 2 [&hellip;]<\/p>\n","protected":false},"author":1,"featured_media":0,"comment_status":"closed","ping_status":"closed","sticky":false,"template":"","format":"standard","meta":{"footnotes":""},"categories":[116,1,15],"tags":[385,295,131,157,141],"class_list":["post-4132","post","type-post","status-publish","format-standard","hentry","category-diverses","category-allgemein","category-trainer","tag-ceredo","tag-felsklettern","tag-munchen-oberland","tag-sportklettern","tag-wettkampfkader"],"_links":{"self":[{"href":"http:\/\/www.climbingsessions.com\/index.php?rest_route=\/wp\/v2\/posts\/4132","targetHints":{"allow":["GET"]}}],"collection":[{"href":"http:\/\/www.climbingsessions.com\/index.php?rest_route=\/wp\/v2\/posts"}],"about":[{"href":"http:\/\/www.climbingsessions.com\/index.php?rest_route=\/wp\/v2\/types\/post"}],"author":[{"embeddable":true,"href":"http:\/\/www.climbingsessions.com\/index.php?rest_route=\/wp\/v2\/users\/1"}],"replies":[{"embeddable":true,"href":"http:\/\/www.climbingsessions.com\/index.php?rest_route=%2Fwp%2Fv2%2Fcomments&post=4132"}],"version-history":[{"count":1,"href":"http:\/\/www.climbingsessions.com\/index.php?rest_route=\/wp\/v2\/posts\/4132\/revisions"}],"predecessor-version":[{"id":4138,"href":"http:\/\/www.climbingsessions.com\/index.php?rest_route=\/wp\/v2\/posts\/4132\/revisions\/4138"}],"wp:attachment":[{"href":"http:\/\/www.climbingsessions.com\/index.php?rest_route=%2Fwp%2Fv2%2Fmedia&parent=4132"}],"wp:term":[{"taxonomy":"category","embeddable":true,"href":"http:\/\/www.climbingsessions.com\/index.php?rest_route=%2Fwp%2Fv2%2Fcategories&post=4132"},{"taxonomy":"post_tag","embeddable":true,"href":"http:\/\/www.climbingsessions.com\/index.php?rest_route=%2Fwp%2Fv2%2Ftags&post=4132"}],"curies":[{"name":"wp","href":"https:\/\/api.w.org\/{rel}","templated":true}]}}