{"id":3552,"date":"2016-06-15T13:23:29","date_gmt":"2016-06-15T11:23:29","guid":{"rendered":"http:\/\/www.climbingsessions.com\/?p=3552"},"modified":"2016-06-15T14:02:06","modified_gmt":"2016-06-15T12:02:06","slug":"tarn-die-10","status":"publish","type":"post","link":"http:\/\/www.climbingsessions.com\/?p=3552","title":{"rendered":"Tarn die 10."},"content":{"rendered":"<div id=\"attachment_3556\" style=\"width: 510px\" class=\"wp-caption alignleft\"><img loading=\"lazy\" decoding=\"async\" aria-describedby=\"caption-attachment-3556\" class=\"wp-image-3556 size-full\" src=\"http:\/\/www.climbingsessions.com\/wp-content\/uploads\/2016\/06\/wilde-tarn.jpg\" alt=\"wilde-tarn\" width=\"500\" height=\"333\" srcset=\"http:\/\/www.climbingsessions.com\/wp-content\/uploads\/2016\/06\/wilde-tarn.jpg 500w, http:\/\/www.climbingsessions.com\/wp-content\/uploads\/2016\/06\/wilde-tarn-300x200.jpg 300w\" sizes=\"auto, (max-width: 500px) 100vw, 500px\" \/><p id=\"caption-attachment-3556\" class=\"wp-caption-text\">Gorge du Tarn &#8211; Blick vom Tresor du Zebre Richtung De que fas aqui; Foto: J. Heinemann<\/p><\/div>\n<p>Zum <a href=\"http:\/\/www.climbingsessions.com\/?p=2416\" target=\"_blank\">10. Mal<\/a>\u00a0 ging es zu Pfingsten in die Tarnschlucht. Damit ist dieser wildromantische Flecken Natur im s\u00fcdfranz\u00f6sischen Massiv Central definitiv meine Lieblingsdestination zum Klettern. Ok, Bleau, Kalymnos oder auch die heimischen Alpen m\u00f6chte ich keinesfalls missen, aber ein Hinweis, meiner Tarnaffinit\u00e4t ergibt sich aus den nicht seltenen Anfragen von neuen Tarnaspiranten bzgl. Empfehlungen. Dazu gleich ein kurzes Statement:<\/p>\n<p>Inzwischen ist der gr\u00f6\u00dfte Teil der Tarnw\u00e4nde f\u00fcr das Klettern wieder zugelassen und die offiziellen 350 Routen sind bestens saniert (es gibt noch weitere 350 &#8222;inoffizielle&#8220;). Wer aber glaubt um die obligatorisch weiten Hakenabst\u00e4nde herumzukommen, der sollte besser nicht zur verwunschenen, tief in das Massiv Central eingeschnittenen Gorge du Tarn anreisen. Wer allerdings auf extrem lange und \u00fcberh\u00e4ngende Ausdauerh\u00e4mmer in allerbestem Lochkalk (meist gro\u00dfe, &#8222;weiche&#8220; L\u00f6cher) steht und bei Fl\u00fcgen bis zu 20 m keine Bedenken hat, der ist hier bestens aufgehoben. Noch vor einigen Jahren war &#8222;die Tarn&#8220; nur den Kletterern, die sich ab 7a wohlf\u00fchlen, vorbehalten. Dem ist nicht mehr so. Es gibt eine ganze Reihe an sehr sch\u00f6nen Routen auch im 6. Franzosengrad, darunter allerdings, wird das Angebot \u00e4usserst mager. Statement &#8211; Ende.<\/p>\n<div id=\"attachment_3558\" style=\"width: 510px\" class=\"wp-caption alignleft\"><img loading=\"lazy\" decoding=\"async\" aria-describedby=\"caption-attachment-3558\" class=\"wp-image-3558 size-full\" src=\"http:\/\/www.climbingsessions.com\/wp-content\/uploads\/2016\/06\/zwei-Geier.jpg\" alt=\"zwei-Geier\" width=\"500\" height=\"333\" srcset=\"http:\/\/www.climbingsessions.com\/wp-content\/uploads\/2016\/06\/zwei-Geier.jpg 500w, http:\/\/www.climbingsessions.com\/wp-content\/uploads\/2016\/06\/zwei-Geier-300x200.jpg 300w\" sizes=\"auto, (max-width: 500px) 100vw, 500px\" \/><p id=\"caption-attachment-3558\" class=\"wp-caption-text\">Geier \u00fcber der Tarn; Foto: J. Heinemann<\/p><\/div>\n<div id=\"attachment_3560\" style=\"width: 510px\" class=\"wp-caption alignleft\"><img loading=\"lazy\" decoding=\"async\" aria-describedby=\"caption-attachment-3560\" class=\"wp-image-3560 size-full\" src=\"http:\/\/www.climbingsessions.com\/wp-content\/uploads\/2016\/06\/eselswanderung.jpg\" alt=\"eselswanderung\" width=\"500\" height=\"667\" srcset=\"http:\/\/www.climbingsessions.com\/wp-content\/uploads\/2016\/06\/eselswanderung.jpg 500w, http:\/\/www.climbingsessions.com\/wp-content\/uploads\/2016\/06\/eselswanderung-225x300.jpg 225w\" sizes=\"auto, (max-width: 500px) 100vw, 500px\" \/><p id=\"caption-attachment-3560\" class=\"wp-caption-text\">Eselwanderung, dieses Mal oberhalb des idyllischen Meyrueis<\/p><\/div>\n<p>Zu meinem\/unseren Tarnaufenthalt: Auch in diesem Jahr war wieder eine Anzahl an Bekannten vor Ort, u.a. Michi, Karin, Jochen, Carina, Andr\u00e9, Jeannette und Spiri. Wer jedoch bitter fehlte waren Andi Dick und Irmi Braun. Andi hatte uns in den letzten Jahren zu sp\u00e4ter Stunde regelm\u00e4\u00dfig, bei einem Gl\u00e4schen guten Weines, mit seinen schr\u00e4gen Ges\u00e4ngen zum Schmunzeln und Lachen gebracht. Leider waren Andi und Irmi krankheitsbedingt &#8222;verhindert&#8220;. Zum Ausgleich analysierten wir die Krimis von Irmi. Aber versprochen: n\u00e4chstes Jahr sind die beiden wieder dabei!<\/p>\n<div id=\"attachment_3562\" style=\"width: 510px\" class=\"wp-caption alignleft\"><img loading=\"lazy\" decoding=\"async\" aria-describedby=\"caption-attachment-3562\" class=\"wp-image-3562 size-full\" src=\"http:\/\/www.climbingsessions.com\/wp-content\/uploads\/2016\/06\/trampolin.jpg\" alt=\"trampolin\" width=\"500\" height=\"750\" srcset=\"http:\/\/www.climbingsessions.com\/wp-content\/uploads\/2016\/06\/trampolin.jpg 500w, http:\/\/www.climbingsessions.com\/wp-content\/uploads\/2016\/06\/trampolin-200x300.jpg 200w\" sizes=\"auto, (max-width: 500px) 100vw, 500px\" \/><p id=\"caption-attachment-3562\" class=\"wp-caption-text\">Trampolin, der ideale Ausgleich zum Klettern, v.o.n.u und v.l.n.r.: Silja, Antonia, Miro Mira, Spiri, Alex<\/p><\/div>\n<p>Das \u00fcbliche Procedere, auf 1\/2 Tag Klettern folgt 1\/2 Tag Unternehmungen in der Umgebung, wurde auch beim 10. Besuch der Tarnschlucht mit Freude beibehalten. Eselwanderung, H\u00f6hlenbesichtigung, Bauern- und Geiermuseum sowie die Kanufahrt auf der Tarn waren ebenso Pflichtprogramm, wie ein Tag in S\u00e8te am Meer (s\u00fcdwestlich von Montpellier). Einer der ber\u00fchmtesten Chansoniers Frankreichs, der unvergessene <a href=\"https:\/\/www.youtube.com\/watch?v=rslShTbqNbo\" target=\"_blank\">Georges Brassons<\/a>, stammt \u00fcbrigens aus dieser wundersch\u00f6nen Fischerstadt. Wir haben das ihm zu Ehren errichtete Museum besucht &#8211; empfehlenswert!<\/p>\n<div id=\"attachment_3565\" style=\"width: 510px\" class=\"wp-caption alignleft\"><img loading=\"lazy\" decoding=\"async\" aria-describedby=\"caption-attachment-3565\" class=\"wp-image-3565 size-full\" src=\"http:\/\/www.climbingsessions.com\/wp-content\/uploads\/2016\/06\/graffity-sete.jpg\" alt=\"graffity-sete\" width=\"500\" height=\"667\" srcset=\"http:\/\/www.climbingsessions.com\/wp-content\/uploads\/2016\/06\/graffity-sete.jpg 500w, http:\/\/www.climbingsessions.com\/wp-content\/uploads\/2016\/06\/graffity-sete-225x300.jpg 225w\" sizes=\"auto, (max-width: 500px) 100vw, 500px\" \/><p id=\"caption-attachment-3565\" class=\"wp-caption-text\">Graffiti im Hafenviertel &#8211; Die Freiheitsliebe des Georges Brassons ist in S\u00e8te \u00fcberall pr\u00e4sent.<\/p><\/div>\n<p>Auch einige Klettergro\u00dftaten gibt es zu vermelden: Steffi hat im zweiten Versuch eine 7a+ (<em>Self Controle<\/em>\/De que fas aqui) geknipst, Silja hat ihre erste 7c (<em>Arachnide<\/em>, im ersten Versuch) gemacht. Ich habe ein lange geplantes Vorhaben umgesetzt, <em>Babylone<\/em>, eine extrem athletische, supereindrucksvolle 7c+ (im zweiten Versuch) im Sektor Figues aux cul. Die zwei Wochen in der Tarn gingen viel zu schnell herum, mir kam es vor wie zwei Tage.<\/p>\n<div id=\"attachment_3569\" style=\"width: 510px\" class=\"wp-caption alignleft\"><img loading=\"lazy\" decoding=\"async\" aria-describedby=\"caption-attachment-3569\" class=\"wp-image-3569 size-full\" src=\"http:\/\/www.climbingsessions.com\/wp-content\/uploads\/2016\/06\/brassons-skizze.jpg\" alt=\"brassons-skizze\" width=\"500\" height=\"667\" srcset=\"http:\/\/www.climbingsessions.com\/wp-content\/uploads\/2016\/06\/brassons-skizze.jpg 500w, http:\/\/www.climbingsessions.com\/wp-content\/uploads\/2016\/06\/brassons-skizze-225x300.jpg 225w\" sizes=\"auto, (max-width: 500px) 100vw, 500px\" \/><p id=\"caption-attachment-3569\" class=\"wp-caption-text\">Der bekennende Individualanarchist Georges Brassons widmete viele seiner Chansons, dem unreflektierten Herdentrieb der Menschen.<\/p><\/div>\n<div id=\"attachment_3570\" style=\"width: 510px\" class=\"wp-caption alignleft\"><img loading=\"lazy\" decoding=\"async\" aria-describedby=\"caption-attachment-3570\" class=\"wp-image-3570 size-full\" src=\"http:\/\/www.climbingsessions.com\/wp-content\/uploads\/2016\/06\/wilde-tarn-2.jpg\" alt=\"wilde-tarn-2\" width=\"500\" height=\"333\" srcset=\"http:\/\/www.climbingsessions.com\/wp-content\/uploads\/2016\/06\/wilde-tarn-2.jpg 500w, http:\/\/www.climbingsessions.com\/wp-content\/uploads\/2016\/06\/wilde-tarn-2-300x200.jpg 300w\" sizes=\"auto, (max-width: 500px) 100vw, 500px\" \/><p id=\"caption-attachment-3570\" class=\"wp-caption-text\">Die Tarn ist auch ein beliebtes Kanurevier; Foto: J. Heinemann<\/p><\/div>\n<div id=\"attachment_3571\" style=\"width: 510px\" class=\"wp-caption alignleft\"><img loading=\"lazy\" decoding=\"async\" aria-describedby=\"caption-attachment-3571\" class=\"wp-image-3571 size-full\" src=\"http:\/\/www.climbingsessions.com\/wp-content\/uploads\/2016\/06\/grotte-darginau.jpg\" alt=\"grotte-darginau\" width=\"500\" height=\"750\" srcset=\"http:\/\/www.climbingsessions.com\/wp-content\/uploads\/2016\/06\/grotte-darginau.jpg 500w, http:\/\/www.climbingsessions.com\/wp-content\/uploads\/2016\/06\/grotte-darginau-200x300.jpg 200w\" sizes=\"auto, (max-width: 500px) 100vw, 500px\" \/><p id=\"caption-attachment-3571\" class=\"wp-caption-text\">In der ber\u00fchmten Grotte D&#8217;Argilan \u00fcber der Jonteschlucht; Foto: J. Heinemann<\/p><\/div>\n<div id=\"attachment_3572\" style=\"width: 510px\" class=\"wp-caption alignleft\"><img loading=\"lazy\" decoding=\"async\" aria-describedby=\"caption-attachment-3572\" class=\"wp-image-3572 size-full\" src=\"http:\/\/www.climbingsessions.com\/wp-content\/uploads\/2016\/06\/DSC01199.jpg\" alt=\"DSC01199\" width=\"500\" height=\"750\" srcset=\"http:\/\/www.climbingsessions.com\/wp-content\/uploads\/2016\/06\/DSC01199.jpg 500w, http:\/\/www.climbingsessions.com\/wp-content\/uploads\/2016\/06\/DSC01199-200x300.jpg 200w\" sizes=\"auto, (max-width: 500px) 100vw, 500px\" \/><p id=\"caption-attachment-3572\" class=\"wp-caption-text\">Kapelle auf der einsamen Causse (Hochebene) \u00fcber der Tarnschlucht; Foto: J. Heinemann<\/p><\/div>\n<div id=\"attachment_3573\" style=\"width: 510px\" class=\"wp-caption alignleft\"><img loading=\"lazy\" decoding=\"async\" aria-describedby=\"caption-attachment-3573\" class=\"wp-image-3573 size-full\" src=\"http:\/\/www.climbingsessions.com\/wp-content\/uploads\/2016\/06\/le-rozier.jpg\" alt=\"le-rozier\" width=\"500\" height=\"333\" srcset=\"http:\/\/www.climbingsessions.com\/wp-content\/uploads\/2016\/06\/le-rozier.jpg 500w, http:\/\/www.climbingsessions.com\/wp-content\/uploads\/2016\/06\/le-rozier-300x200.jpg 300w\" sizes=\"auto, (max-width: 500px) 100vw, 500px\" \/><p id=\"caption-attachment-3573\" class=\"wp-caption-text\">Das wildromantische Katererst\u00e4dtchen Le Rozier an der Tarn; Foto: J. Heinemann<\/p><\/div>\n<div id=\"attachment_3574\" style=\"width: 510px\" class=\"wp-caption alignleft\"><img loading=\"lazy\" decoding=\"async\" aria-describedby=\"caption-attachment-3574\" class=\"wp-image-3574 size-full\" src=\"http:\/\/www.climbingsessions.com\/wp-content\/uploads\/2016\/06\/nils-in-babylone-1.jpg\" alt=\"nils-in-babylone-1\" width=\"500\" height=\"750\" srcset=\"http:\/\/www.climbingsessions.com\/wp-content\/uploads\/2016\/06\/nils-in-babylone-1.jpg 500w, http:\/\/www.climbingsessions.com\/wp-content\/uploads\/2016\/06\/nils-in-babylone-1-200x300.jpg 200w\" sizes=\"auto, (max-width: 500px) 100vw, 500px\" \/><p id=\"caption-attachment-3574\" class=\"wp-caption-text\">Nils macht Babylone; Foto: J. Heinemann<\/p><\/div>\n<div id=\"attachment_3575\" style=\"width: 510px\" class=\"wp-caption alignleft\"><img loading=\"lazy\" decoding=\"async\" aria-describedby=\"caption-attachment-3575\" class=\"size-full wp-image-3575\" src=\"http:\/\/www.climbingsessions.com\/wp-content\/uploads\/2016\/06\/nils-in-babylone-2.jpg\" alt=\"Nils macht Babylone; Foto: J. Heinemann\" width=\"500\" height=\"750\" srcset=\"http:\/\/www.climbingsessions.com\/wp-content\/uploads\/2016\/06\/nils-in-babylone-2.jpg 500w, http:\/\/www.climbingsessions.com\/wp-content\/uploads\/2016\/06\/nils-in-babylone-2-200x300.jpg 200w\" sizes=\"auto, (max-width: 500px) 100vw, 500px\" \/><p id=\"caption-attachment-3575\" class=\"wp-caption-text\">Nils macht Babylone; Foto: J. Heinemann<\/p><\/div>\n<div id=\"attachment_3576\" style=\"width: 510px\" class=\"wp-caption alignleft\"><img loading=\"lazy\" decoding=\"async\" aria-describedby=\"caption-attachment-3576\" class=\"size-full wp-image-3576\" src=\"http:\/\/www.climbingsessions.com\/wp-content\/uploads\/2016\/06\/nils-in-babylone-3.jpg\" alt=\"Nils macht Babylone; Foto: J. Heinemann\" width=\"500\" height=\"750\" srcset=\"http:\/\/www.climbingsessions.com\/wp-content\/uploads\/2016\/06\/nils-in-babylone-3.jpg 500w, http:\/\/www.climbingsessions.com\/wp-content\/uploads\/2016\/06\/nils-in-babylone-3-200x300.jpg 200w\" sizes=\"auto, (max-width: 500px) 100vw, 500px\" \/><p id=\"caption-attachment-3576\" class=\"wp-caption-text\">Nils macht Babylone; Foto: J. Heinemann<\/p><\/div>\n<div id=\"attachment_3577\" style=\"width: 510px\" class=\"wp-caption alignleft\"><img loading=\"lazy\" decoding=\"async\" aria-describedby=\"caption-attachment-3577\" class=\"size-full wp-image-3577\" src=\"http:\/\/www.climbingsessions.com\/wp-content\/uploads\/2016\/06\/nils-in-babylone-4.jpg\" alt=\"Nils macht Babylone; Foto: J. Heinemann\" width=\"500\" height=\"750\" srcset=\"http:\/\/www.climbingsessions.com\/wp-content\/uploads\/2016\/06\/nils-in-babylone-4.jpg 500w, http:\/\/www.climbingsessions.com\/wp-content\/uploads\/2016\/06\/nils-in-babylone-4-200x300.jpg 200w\" sizes=\"auto, (max-width: 500px) 100vw, 500px\" \/><p id=\"caption-attachment-3577\" class=\"wp-caption-text\">Nils macht Babylone; Foto: J. Heinemann<\/p><\/div>\n<div id=\"attachment_3578\" style=\"width: 510px\" class=\"wp-caption alignleft\"><img loading=\"lazy\" decoding=\"async\" aria-describedby=\"caption-attachment-3578\" class=\"size-full wp-image-3578\" src=\"http:\/\/www.climbingsessions.com\/wp-content\/uploads\/2016\/06\/nils-in-babylone-5.jpg\" alt=\"Nils macht Babylone; Foto: J. Heinemann\" width=\"500\" height=\"750\" srcset=\"http:\/\/www.climbingsessions.com\/wp-content\/uploads\/2016\/06\/nils-in-babylone-5.jpg 500w, http:\/\/www.climbingsessions.com\/wp-content\/uploads\/2016\/06\/nils-in-babylone-5-200x300.jpg 200w\" sizes=\"auto, (max-width: 500px) 100vw, 500px\" \/><p id=\"caption-attachment-3578\" class=\"wp-caption-text\">Nils macht Babylone; Foto: J. Heinemann<\/p><\/div>\n<div id=\"attachment_3579\" style=\"width: 510px\" class=\"wp-caption alignleft\"><img loading=\"lazy\" decoding=\"async\" aria-describedby=\"caption-attachment-3579\" class=\"size-full wp-image-3579\" src=\"http:\/\/www.climbingsessions.com\/wp-content\/uploads\/2016\/06\/nils-in-babylone-6.jpg\" alt=\"Nils macht Babylone; Foto: J. Heinemann\" width=\"500\" height=\"750\" srcset=\"http:\/\/www.climbingsessions.com\/wp-content\/uploads\/2016\/06\/nils-in-babylone-6.jpg 500w, http:\/\/www.climbingsessions.com\/wp-content\/uploads\/2016\/06\/nils-in-babylone-6-200x300.jpg 200w\" sizes=\"auto, (max-width: 500px) 100vw, 500px\" \/><p id=\"caption-attachment-3579\" class=\"wp-caption-text\">Nils macht Babylone; Foto: J. Heinemann<\/p><\/div>\n<div id=\"attachment_3580\" style=\"width: 510px\" class=\"wp-caption alignleft\"><img loading=\"lazy\" decoding=\"async\" aria-describedby=\"caption-attachment-3580\" class=\"size-full wp-image-3580\" src=\"http:\/\/www.climbingsessions.com\/wp-content\/uploads\/2016\/06\/nils-in-babylone-7.jpg\" alt=\"Nils macht Babylone; Foto: J. Heinemann\" width=\"500\" height=\"750\" srcset=\"http:\/\/www.climbingsessions.com\/wp-content\/uploads\/2016\/06\/nils-in-babylone-7.jpg 500w, http:\/\/www.climbingsessions.com\/wp-content\/uploads\/2016\/06\/nils-in-babylone-7-200x300.jpg 200w\" sizes=\"auto, (max-width: 500px) 100vw, 500px\" \/><p id=\"caption-attachment-3580\" class=\"wp-caption-text\">Nils macht Babylone; Foto: J. Heinemann<\/p><\/div>\n<div id=\"attachment_3581\" style=\"width: 510px\" class=\"wp-caption alignleft\"><img loading=\"lazy\" decoding=\"async\" aria-describedby=\"caption-attachment-3581\" class=\"size-full wp-image-3581\" src=\"http:\/\/www.climbingsessions.com\/wp-content\/uploads\/2016\/06\/nils-in-babylone-8.jpg\" alt=\"Nils macht Babylone; Foto: J. Heinemann\" width=\"500\" height=\"750\" srcset=\"http:\/\/www.climbingsessions.com\/wp-content\/uploads\/2016\/06\/nils-in-babylone-8.jpg 500w, http:\/\/www.climbingsessions.com\/wp-content\/uploads\/2016\/06\/nils-in-babylone-8-200x300.jpg 200w\" sizes=\"auto, (max-width: 500px) 100vw, 500px\" \/><p id=\"caption-attachment-3581\" class=\"wp-caption-text\">Nils macht Babylone; Foto: J. Heinemann<\/p><\/div>\n","protected":false},"excerpt":{"rendered":"<p>Zum 10. Mal\u00a0 ging es zu Pfingsten in die Tarnschlucht. Damit ist dieser wildromantische Flecken Natur im s\u00fcdfranz\u00f6sischen Massiv Central definitiv meine Lieblingsdestination zum Klettern. Ok, Bleau, Kalymnos oder auch die heimischen Alpen m\u00f6chte ich keinesfalls missen, aber ein Hinweis, meiner Tarnaffinit\u00e4t ergibt sich aus den nicht seltenen Anfragen von neuen Tarnaspiranten bzgl. Empfehlungen. Dazu [&hellip;]<\/p>\n","protected":false},"author":1,"featured_media":0,"comment_status":"closed","ping_status":"closed","sticky":false,"template":"","format":"standard","meta":{"footnotes":""},"categories":[116,1],"tags":[133,157,327,107],"class_list":["post-3552","post","type-post","status-publish","format-standard","hentry","category-diverses","category-allgemein","tag-gorge-du-tarn","tag-sportklettern","tag-suedfrankreich","tag-tarnschlucht"],"_links":{"self":[{"href":"http:\/\/www.climbingsessions.com\/index.php?rest_route=\/wp\/v2\/posts\/3552","targetHints":{"allow":["GET"]}}],"collection":[{"href":"http:\/\/www.climbingsessions.com\/index.php?rest_route=\/wp\/v2\/posts"}],"about":[{"href":"http:\/\/www.climbingsessions.com\/index.php?rest_route=\/wp\/v2\/types\/post"}],"author":[{"embeddable":true,"href":"http:\/\/www.climbingsessions.com\/index.php?rest_route=\/wp\/v2\/users\/1"}],"replies":[{"embeddable":true,"href":"http:\/\/www.climbingsessions.com\/index.php?rest_route=%2Fwp%2Fv2%2Fcomments&post=3552"}],"version-history":[{"count":17,"href":"http:\/\/www.climbingsessions.com\/index.php?rest_route=\/wp\/v2\/posts\/3552\/revisions"}],"predecessor-version":[{"id":3630,"href":"http:\/\/www.climbingsessions.com\/index.php?rest_route=\/wp\/v2\/posts\/3552\/revisions\/3630"}],"wp:attachment":[{"href":"http:\/\/www.climbingsessions.com\/index.php?rest_route=%2Fwp%2Fv2%2Fmedia&parent=3552"}],"wp:term":[{"taxonomy":"category","embeddable":true,"href":"http:\/\/www.climbingsessions.com\/index.php?rest_route=%2Fwp%2Fv2%2Fcategories&post=3552"},{"taxonomy":"post_tag","embeddable":true,"href":"http:\/\/www.climbingsessions.com\/index.php?rest_route=%2Fwp%2Fv2%2Ftags&post=3552"}],"curies":[{"name":"wp","href":"https:\/\/api.w.org\/{rel}","templated":true}]}}