{"id":3518,"date":"2016-04-03T18:57:54","date_gmt":"2016-04-03T16:57:54","guid":{"rendered":"http:\/\/www.climbingsessions.com\/?p=3518"},"modified":"2016-04-03T19:48:21","modified_gmt":"2016-04-03T17:48:21","slug":"trainingslager-in-suedtirolvenetien","status":"publish","type":"post","link":"http:\/\/www.climbingsessions.com\/?p=3518","title":{"rendered":"Trainingslager in S\u00fcdtirol\/Venetien"},"content":{"rendered":"<div id=\"attachment_3521\" style=\"width: 510px\" class=\"wp-caption alignleft\"><img loading=\"lazy\" decoding=\"async\" aria-describedby=\"caption-attachment-3521\" class=\"wp-image-3521 size-full\" src=\"http:\/\/www.climbingsessions.com\/wp-content\/uploads\/2016\/04\/bouldern-in-Algund.jpg\" alt=\"bouldern-in-Algund\" width=\"500\" height=\"375\" srcset=\"http:\/\/www.climbingsessions.com\/wp-content\/uploads\/2016\/04\/bouldern-in-Algund.jpg 500w, http:\/\/www.climbingsessions.com\/wp-content\/uploads\/2016\/04\/bouldern-in-Algund-300x225.jpg 300w\" sizes=\"auto, (max-width: 500px) 100vw, 500px\" \/><p id=\"caption-attachment-3521\" class=\"wp-caption-text\">Emotional Group Bouldering (EGB) in Algund<\/p><\/div>\n<p>Vergangene Woche habe ich zusammen mit Pema Sherpa ein &#8222;gemischtes&#8220; Trainingslager in Algund (bei Meran) und Ceredo (bei Verona) geleitet. Die Teilnehmer bezeichne ich deshalb als gemischt, weil sie sich aus den Wettkampfkadern 1 und 2 sowie aus dem Perspektivkader 1 der DAV-Sektionen M\u00fcnchen &amp; Oberland zusammensetzten. Das Wetter war bestens, zumeist mild mit Temperaturen zwischen 15\u00b0 und 20\u00b0.<\/p>\n<div id=\"attachment_3522\" style=\"width: 510px\" class=\"wp-caption alignleft\"><img loading=\"lazy\" decoding=\"async\" aria-describedby=\"caption-attachment-3522\" class=\"wp-image-3522 size-full\" src=\"http:\/\/www.climbingsessions.com\/wp-content\/uploads\/2016\/04\/chillen-in-Algund.jpg\" alt=\"chillen-in-Algund\" width=\"500\" height=\"375\" srcset=\"http:\/\/www.climbingsessions.com\/wp-content\/uploads\/2016\/04\/chillen-in-Algund.jpg 500w, http:\/\/www.climbingsessions.com\/wp-content\/uploads\/2016\/04\/chillen-in-Algund-300x225.jpg 300w\" sizes=\"auto, (max-width: 500px) 100vw, 500px\" \/><p id=\"caption-attachment-3522\" class=\"wp-caption-text\">Emotional Group Chilling (EGC) in Algund<\/p><\/div>\n<div id=\"attachment_3523\" style=\"width: 510px\" class=\"wp-caption alignleft\"><img loading=\"lazy\" decoding=\"async\" aria-describedby=\"caption-attachment-3523\" class=\"wp-image-3523 size-full\" src=\"http:\/\/www.climbingsessions.com\/wp-content\/uploads\/2016\/04\/Fotosession-mit-Pemina.jpg\" alt=\"Fotosession-mit-Pemina\" width=\"500\" height=\"375\" srcset=\"http:\/\/www.climbingsessions.com\/wp-content\/uploads\/2016\/04\/Fotosession-mit-Pemina.jpg 500w, http:\/\/www.climbingsessions.com\/wp-content\/uploads\/2016\/04\/Fotosession-mit-Pemina-300x225.jpg 300w\" sizes=\"auto, (max-width: 500px) 100vw, 500px\" \/><p id=\"caption-attachment-3523\" class=\"wp-caption-text\">Pemina hat den \u00dcberblick in Ceredo<\/p><\/div>\n<p>In Algund wurde am Gneis gebouldert, in Ceredo an bestem Kalk der Vorstieg am Seil ge\u00fcbt. Sehr erfreulich auch, dass das bekannte Rock &amp; Bloc Team aus Rosenheim in Ceredo mit am Start war. Die abendliche Teamkickermeisterschaft M\u00fcnchen-Oberland gegen Rosenheim konnten wir gl\u00fccklich und denkbar knapp mit nur einem einzigen Tor Vorsprung (nach Verl\u00e4ngerung) f\u00fcr uns entscheiden. Das Team Rosenheim brillierte daf\u00fcr am Fels und zockte dort einige Routen um 8a herum ab. Maxi Karrer gelang sogar die schwerste Route von Ceredo (eine 8c, seine erste).<\/p>\n<p>Auch unser Team knippste in Ceredo einige Routen in &#8222;neuen&#8220; Graden ab: Josephine Funk und Lisa Pollinger (7a), Franzi Kohl 7a (ihre 2.), Dominik Brack (7b+), Kathi Haimerl und Lara Lechner 7a+.\u00a0 In Algund wurde sogar ein 7B-Boulder nach etlichen kraftzehrenden Versuchen von Dominick Brack und Franzi Kohl bew\u00e4ltigt. Nachdem sich eines meiner Ringb\u00e4nder &#8222;meldete&#8220;, beliess ich es beim Genussklettern (-bouldern). Mit den vielen sch\u00f6nen Gruppenerlebnissen, dem milden Wetter und der fr\u00fchlingshaften Umgebung bleibt mir (und vermutlich auch den Teilnehmern) die Woche in guter Erinnerung.<\/p>\n<div id=\"attachment_3524\" style=\"width: 510px\" class=\"wp-caption alignleft\"><img loading=\"lazy\" decoding=\"async\" aria-describedby=\"caption-attachment-3524\" class=\"wp-image-3524 size-full\" src=\"http:\/\/www.climbingsessions.com\/wp-content\/uploads\/2016\/04\/grafity-bozen-1.jpg\" alt=\"grafity-bozen-1\" width=\"500\" height=\"375\" srcset=\"http:\/\/www.climbingsessions.com\/wp-content\/uploads\/2016\/04\/grafity-bozen-1.jpg 500w, http:\/\/www.climbingsessions.com\/wp-content\/uploads\/2016\/04\/grafity-bozen-1-300x225.jpg 300w\" sizes=\"auto, (max-width: 500px) 100vw, 500px\" \/><p id=\"caption-attachment-3524\" class=\"wp-caption-text\">Grafity in S\u00fcdtirol<\/p><\/div>\n<div id=\"attachment_3525\" style=\"width: 510px\" class=\"wp-caption alignleft\"><img loading=\"lazy\" decoding=\"async\" aria-describedby=\"caption-attachment-3525\" class=\"wp-image-3525 size-full\" src=\"http:\/\/www.climbingsessions.com\/wp-content\/uploads\/2016\/04\/grafity-bozen-2.jpg\" alt=\"grafity-bozen-2\" width=\"500\" height=\"667\" srcset=\"http:\/\/www.climbingsessions.com\/wp-content\/uploads\/2016\/04\/grafity-bozen-2.jpg 500w, http:\/\/www.climbingsessions.com\/wp-content\/uploads\/2016\/04\/grafity-bozen-2-225x300.jpg 225w\" sizes=\"auto, (max-width: 500px) 100vw, 500px\" \/><p id=\"caption-attachment-3525\" class=\"wp-caption-text\">Grafity in S\u00fcdtirol (Ausschnitt)<\/p><\/div>\n<div id=\"attachment_3526\" style=\"width: 510px\" class=\"wp-caption alignleft\"><img loading=\"lazy\" decoding=\"async\" aria-describedby=\"caption-attachment-3526\" class=\"wp-image-3526 size-full\" src=\"http:\/\/www.climbingsessions.com\/wp-content\/uploads\/2016\/04\/grafity-bozen-4.jpg\" alt=\"grafity-bozen-4\" width=\"500\" height=\"375\" srcset=\"http:\/\/www.climbingsessions.com\/wp-content\/uploads\/2016\/04\/grafity-bozen-4.jpg 500w, http:\/\/www.climbingsessions.com\/wp-content\/uploads\/2016\/04\/grafity-bozen-4-300x225.jpg 300w\" sizes=\"auto, (max-width: 500px) 100vw, 500px\" \/><p id=\"caption-attachment-3526\" class=\"wp-caption-text\">Grafity in S\u00fcdtirol (Ausschnitt)<\/p><\/div>\n","protected":false},"excerpt":{"rendered":"<p>Vergangene Woche habe ich zusammen mit Pema Sherpa ein &#8222;gemischtes&#8220; Trainingslager in Algund (bei Meran) und Ceredo (bei Verona) geleitet. Die Teilnehmer bezeichne ich deshalb als gemischt, weil sie sich aus den Wettkampfkadern 1 und 2 sowie aus dem Perspektivkader 1 der DAV-Sektionen M\u00fcnchen &amp; Oberland zusammensetzten. Das Wetter war bestens, zumeist mild mit Temperaturen [&hellip;]<\/p>\n","protected":false},"author":1,"featured_media":0,"comment_status":"closed","ping_status":"closed","sticky":false,"template":"","format":"standard","meta":{"footnotes":""},"categories":[1,15],"tags":[7,295,131,326,139,325],"class_list":["post-3518","post","type-post","status-publish","format-standard","hentry","category-allgemein","category-trainer","tag-bouldern","tag-felsklettern","tag-munchen-oberland","tag-rosenheim","tag-trainingslager","tag-vorstieg"],"_links":{"self":[{"href":"http:\/\/www.climbingsessions.com\/index.php?rest_route=\/wp\/v2\/posts\/3518","targetHints":{"allow":["GET"]}}],"collection":[{"href":"http:\/\/www.climbingsessions.com\/index.php?rest_route=\/wp\/v2\/posts"}],"about":[{"href":"http:\/\/www.climbingsessions.com\/index.php?rest_route=\/wp\/v2\/types\/post"}],"author":[{"embeddable":true,"href":"http:\/\/www.climbingsessions.com\/index.php?rest_route=\/wp\/v2\/users\/1"}],"replies":[{"embeddable":true,"href":"http:\/\/www.climbingsessions.com\/index.php?rest_route=%2Fwp%2Fv2%2Fcomments&post=3518"}],"version-history":[{"count":4,"href":"http:\/\/www.climbingsessions.com\/index.php?rest_route=\/wp\/v2\/posts\/3518\/revisions"}],"predecessor-version":[{"id":3528,"href":"http:\/\/www.climbingsessions.com\/index.php?rest_route=\/wp\/v2\/posts\/3518\/revisions\/3528"}],"wp:attachment":[{"href":"http:\/\/www.climbingsessions.com\/index.php?rest_route=%2Fwp%2Fv2%2Fmedia&parent=3518"}],"wp:term":[{"taxonomy":"category","embeddable":true,"href":"http:\/\/www.climbingsessions.com\/index.php?rest_route=%2Fwp%2Fv2%2Fcategories&post=3518"},{"taxonomy":"post_tag","embeddable":true,"href":"http:\/\/www.climbingsessions.com\/index.php?rest_route=%2Fwp%2Fv2%2Ftags&post=3518"}],"curies":[{"name":"wp","href":"https:\/\/api.w.org\/{rel}","templated":true}]}}