{"id":3475,"date":"2016-02-20T18:21:51","date_gmt":"2016-02-20T17:21:51","guid":{"rendered":"http:\/\/www.climbingsessions.com\/?p=3475"},"modified":"2016-02-20T18:23:27","modified_gmt":"2016-02-20T17:23:27","slug":"8-climb-free-wird-zum-massenevent","status":"publish","type":"post","link":"http:\/\/www.climbingsessions.com\/?p=3475","title":{"rendered":"8. CLIMB FREE wird zum Massenevent"},"content":{"rendered":"<div id=\"attachment_3477\" style=\"width: 510px\" class=\"wp-caption alignleft\"><img loading=\"lazy\" decoding=\"async\" aria-describedby=\"caption-attachment-3477\" class=\"size-full wp-image-3477\" src=\"http:\/\/www.climbingsessions.com\/wp-content\/uploads\/2016\/02\/MKO_Climb_Free_2016_002_Cop.jpg\" alt=\"Qualifikationsrunde Oberlandcup war gelungen; Foto: Marco Kost\" width=\"500\" height=\"334\" srcset=\"http:\/\/www.climbingsessions.com\/wp-content\/uploads\/2016\/02\/MKO_Climb_Free_2016_002_Cop.jpg 500w, http:\/\/www.climbingsessions.com\/wp-content\/uploads\/2016\/02\/MKO_Climb_Free_2016_002_Cop-300x200.jpg 300w\" sizes=\"auto, (max-width: 500px) 100vw, 500px\" \/><p id=\"caption-attachment-3477\" class=\"wp-caption-text\">Qualifikationsrunde Oberlandcup war gelungen; Foto: Marco Kost<\/p><\/div>\n<p>\u00dcber 300 Teilnehmer und viele Tausende Zuschauer &#8211; der CLIMB FREE, der sich aus dreit\u00e4gigen Boulderveranstaltungen auf der M\u00fcnchner <a href=\"http:\/\/www.free-muenchen.de\/\" target=\"_blank\">Messe Freizeit, Reisen und Erholung<\/a> zusammensetzt, mauserte sich zum Massenevent. Nach einer monatelangen Vorbereitungsphase ging eine der aufwendigsten Boulderwettkampfveranstaltungen Deutschlands sauber \u00fcber die B\u00fchne. Als Hauptorganisator waren es f\u00fcr mich sehr anstrengende aber auch sehr sch\u00f6ne Tage.<\/p>\n<p><a href=\"https:\/\/www.davplus.de\/climbfree\" target=\"_blank\">Bericht aus Sicht der veranstaltenden\/ausrichtenden DAV Sektion M\u00fcnchen (mit Unterst\u00fctzung DAV Sektion Oberland) incl. Ergebnissen\/Fotos Oberlandcup&#8230;<\/a><\/p>\n<p><a href=\"http:\/\/www.kletterfachverband.de\/index.php\/ergebnisse_berichte_bilder.html\" target=\"_blank\">Bericht aus Sicht des Kletterfachverband Bayern, der die bayer. Wettk\u00e4mpfe auf dem CLIMB FREE veranstaltete (incl. Ergebnisse\/Fotos)&#8230;<\/a><\/p>\n<div id=\"attachment_3479\" style=\"width: 510px\" class=\"wp-caption alignleft\"><img loading=\"lazy\" decoding=\"async\" aria-describedby=\"caption-attachment-3479\" class=\"wp-image-3479 size-full\" src=\"http:\/\/www.climbingsessions.com\/wp-content\/uploads\/2016\/02\/MKO_Climb_Free_2016_099_Cop.jpg\" alt=\"MKO_Climb_Free_2016_099_Cop\" width=\"500\" height=\"334\" srcset=\"http:\/\/www.climbingsessions.com\/wp-content\/uploads\/2016\/02\/MKO_Climb_Free_2016_099_Cop.jpg 500w, http:\/\/www.climbingsessions.com\/wp-content\/uploads\/2016\/02\/MKO_Climb_Free_2016_099_Cop-300x200.jpg 300w\" sizes=\"auto, (max-width: 500px) 100vw, 500px\" \/><p id=\"caption-attachment-3479\" class=\"wp-caption-text\">Volles Haus auf dem CLIMB FREE; Foto: Marco Kost<\/p><\/div>\n<p>&nbsp;<\/p>\n<p>&nbsp;<\/p>\n<div id=\"attachment_3480\" style=\"width: 510px\" class=\"wp-caption alignleft\"><img loading=\"lazy\" decoding=\"async\" aria-describedby=\"caption-attachment-3480\" class=\"size-full wp-image-3480\" src=\"http:\/\/www.climbingsessions.com\/wp-content\/uploads\/2016\/02\/MKO_Climb_Free_2016_091_Cop.jpg\" alt=\"Viele Tausende Zuschauer verfolgten das Event; Foto: Marco Kost\" width=\"500\" height=\"334\" srcset=\"http:\/\/www.climbingsessions.com\/wp-content\/uploads\/2016\/02\/MKO_Climb_Free_2016_091_Cop.jpg 500w, http:\/\/www.climbingsessions.com\/wp-content\/uploads\/2016\/02\/MKO_Climb_Free_2016_091_Cop-300x200.jpg 300w\" sizes=\"auto, (max-width: 500px) 100vw, 500px\" \/><p id=\"caption-attachment-3480\" class=\"wp-caption-text\">Viele Tausende Zuschauer verfolgten das Event; Foto: Marco Kost<\/p><\/div>\n<div id=\"attachment_3482\" style=\"width: 510px\" class=\"wp-caption alignleft\"><img loading=\"lazy\" decoding=\"async\" aria-describedby=\"caption-attachment-3482\" class=\"wp-image-3482 size-full\" src=\"http:\/\/www.climbingsessions.com\/wp-content\/uploads\/2016\/02\/MKO_Climb_Free_2016_244_Cop.jpg\" alt=\"Was der Pfaffenhofener Oliver Schmidt hangelte...; Foto: Marco Kost\" width=\"500\" height=\"334\" srcset=\"http:\/\/www.climbingsessions.com\/wp-content\/uploads\/2016\/02\/MKO_Climb_Free_2016_244_Cop.jpg 500w, http:\/\/www.climbingsessions.com\/wp-content\/uploads\/2016\/02\/MKO_Climb_Free_2016_244_Cop-300x200.jpg 300w\" sizes=\"auto, (max-width: 500px) 100vw, 500px\" \/><p id=\"caption-attachment-3482\" class=\"wp-caption-text\">Der Pfaffenhofener Oliver Schmidt begeisterte durch seinen virtuosen Boulderstil&#8230;; Foto: Marco Kost<\/p><\/div>\n<div id=\"attachment_3484\" style=\"width: 510px\" class=\"wp-caption alignleft\"><img loading=\"lazy\" decoding=\"async\" aria-describedby=\"caption-attachment-3484\" class=\"wp-image-3484 size-full\" src=\"http:\/\/www.climbingsessions.com\/wp-content\/uploads\/2016\/02\/MKO_Climb_Free_2016_251_Cop.jpg\" alt=\"...das hookte der &quot;Argentinische Panther&quot; Marcos Falcon; Foto: Marco Kost\" width=\"500\" height=\"334\" srcset=\"http:\/\/www.climbingsessions.com\/wp-content\/uploads\/2016\/02\/MKO_Climb_Free_2016_251_Cop.jpg 500w, http:\/\/www.climbingsessions.com\/wp-content\/uploads\/2016\/02\/MKO_Climb_Free_2016_251_Cop-300x200.jpg 300w\" sizes=\"auto, (max-width: 500px) 100vw, 500px\" \/><p id=\"caption-attachment-3484\" class=\"wp-caption-text\">Marcos Falcon, der &#8222;Argentinische Panther&#8220; hookt im Finale des Oberlandcup; Foto: Marco Kost<\/p><\/div>\n<div id=\"attachment_3486\" style=\"width: 510px\" class=\"wp-caption alignleft\"><img loading=\"lazy\" decoding=\"async\" aria-describedby=\"caption-attachment-3486\" class=\"wp-image-3486 size-full\" src=\"http:\/\/www.climbingsessions.com\/wp-content\/uploads\/2016\/02\/MKO_Climb_Free_2016_091_Cop1.jpg\" alt=\"Auch starke Kids auf dem CLIMB FREE am Start; Foto: Marco Kost\" width=\"500\" height=\"334\" srcset=\"http:\/\/www.climbingsessions.com\/wp-content\/uploads\/2016\/02\/MKO_Climb_Free_2016_091_Cop1.jpg 500w, http:\/\/www.climbingsessions.com\/wp-content\/uploads\/2016\/02\/MKO_Climb_Free_2016_091_Cop1-300x200.jpg 300w\" sizes=\"auto, (max-width: 500px) 100vw, 500px\" \/><p id=\"caption-attachment-3486\" class=\"wp-caption-text\">Auch starke Kids sind auf dem CLIMB FREE am Start; Foto: Marco Kost<\/p><\/div>\n<div id=\"attachment_3487\" style=\"width: 510px\" class=\"wp-caption alignleft\"><img loading=\"lazy\" decoding=\"async\" aria-describedby=\"caption-attachment-3487\" class=\"wp-image-3487 size-full\" src=\"http:\/\/www.climbingsessions.com\/wp-content\/uploads\/2016\/02\/MKO_Climb_Free_2016_260_Cop.jpg\" alt=\"Der 8. CLIMB FREE ist Geschichte - Lokalmathadorin Tabitha Eckfeldt gewann den ersten Oberlandcup 2016 bei den Damen; Foto: Marco Kost\" width=\"500\" height=\"334\" srcset=\"http:\/\/www.climbingsessions.com\/wp-content\/uploads\/2016\/02\/MKO_Climb_Free_2016_260_Cop.jpg 500w, http:\/\/www.climbingsessions.com\/wp-content\/uploads\/2016\/02\/MKO_Climb_Free_2016_260_Cop-300x200.jpg 300w\" sizes=\"auto, (max-width: 500px) 100vw, 500px\" \/><p id=\"caption-attachment-3487\" class=\"wp-caption-text\">Der 8. CLIMB FREE ist Geschichte &#8211; Lokalmathadorin Tabitha Eckfeldt gewann den ersten Oberlandcup der Serie 2016 bei den Damen; Foto: Marco Kost<\/p><\/div>\n","protected":false},"excerpt":{"rendered":"<p>\u00dcber 300 Teilnehmer und viele Tausende Zuschauer &#8211; der CLIMB FREE, der sich aus dreit\u00e4gigen Boulderveranstaltungen auf der M\u00fcnchner Messe Freizeit, Reisen und Erholung zusammensetzt, mauserte sich zum Massenevent. Nach einer monatelangen Vorbereitungsphase ging eine der aufwendigsten Boulderwettkampfveranstaltungen Deutschlands sauber \u00fcber die B\u00fchne. Als Hauptorganisator waren es f\u00fcr mich sehr anstrengende aber auch sehr sch\u00f6ne [&hellip;]<\/p>\n","protected":false},"author":1,"featured_media":0,"comment_status":"closed","ping_status":"closed","sticky":false,"template":"","format":"standard","meta":{"footnotes":""},"categories":[116,1,85],"tags":[128,69,130,167,200,90,92,101],"class_list":["post-3475","post","type-post","status-publish","format-standard","hentry","category-diverses","category-allgemein","category-veranstaltung","tag-boulderwettkampf","tag-climb-free","tag-landeswettkampf","tag-munchen","tag-munich","tag-oberlandcup","tag-regionalwettkampf","tag-wettkampf"],"_links":{"self":[{"href":"http:\/\/www.climbingsessions.com\/index.php?rest_route=\/wp\/v2\/posts\/3475","targetHints":{"allow":["GET"]}}],"collection":[{"href":"http:\/\/www.climbingsessions.com\/index.php?rest_route=\/wp\/v2\/posts"}],"about":[{"href":"http:\/\/www.climbingsessions.com\/index.php?rest_route=\/wp\/v2\/types\/post"}],"author":[{"embeddable":true,"href":"http:\/\/www.climbingsessions.com\/index.php?rest_route=\/wp\/v2\/users\/1"}],"replies":[{"embeddable":true,"href":"http:\/\/www.climbingsessions.com\/index.php?rest_route=%2Fwp%2Fv2%2Fcomments&post=3475"}],"version-history":[{"count":9,"href":"http:\/\/www.climbingsessions.com\/index.php?rest_route=\/wp\/v2\/posts\/3475\/revisions"}],"predecessor-version":[{"id":3491,"href":"http:\/\/www.climbingsessions.com\/index.php?rest_route=\/wp\/v2\/posts\/3475\/revisions\/3491"}],"wp:attachment":[{"href":"http:\/\/www.climbingsessions.com\/index.php?rest_route=%2Fwp%2Fv2%2Fmedia&parent=3475"}],"wp:term":[{"taxonomy":"category","embeddable":true,"href":"http:\/\/www.climbingsessions.com\/index.php?rest_route=%2Fwp%2Fv2%2Fcategories&post=3475"},{"taxonomy":"post_tag","embeddable":true,"href":"http:\/\/www.climbingsessions.com\/index.php?rest_route=%2Fwp%2Fv2%2Ftags&post=3475"}],"curies":[{"name":"wp","href":"https:\/\/api.w.org\/{rel}","templated":true}]}}