{"id":2656,"date":"2014-01-29T17:18:35","date_gmt":"2014-01-29T16:18:35","guid":{"rendered":"http:\/\/www.climbingsessions.com\/?p=2656"},"modified":"2014-02-03T16:02:55","modified_gmt":"2014-02-03T15:02:55","slug":"ashima-shiraishi-und-andere-wunderkinder","status":"publish","type":"post","link":"http:\/\/www.climbingsessions.com\/?p=2656","title":{"rendered":"Ashima Shiraishi und andere Wunderkinder&#8230;"},"content":{"rendered":"<div id=\"attachment_2657\" style=\"width: 510px\" class=\"wp-caption alignleft\"><img loading=\"lazy\" decoding=\"async\" aria-describedby=\"caption-attachment-2657\" class=\"size-full wp-image-2657\" title=\"Spiri auf dem Weg zum M\u00fcnchner Meister 2013; Foto: Marco Kost\" src=\"http:\/\/www.climbingsessions.com\/wp-content\/uploads\/2014\/01\/spiri-muenchner-meisterschf.jpg\" alt=\"Spiri auf dem Weg zum M\u00fcnchner Meister 2013; Foto: Marco Kost\" width=\"500\" height=\"333\" srcset=\"http:\/\/www.climbingsessions.com\/wp-content\/uploads\/2014\/01\/spiri-muenchner-meisterschf.jpg 500w, http:\/\/www.climbingsessions.com\/wp-content\/uploads\/2014\/01\/spiri-muenchner-meisterschf-300x199.jpg 300w\" sizes=\"auto, (max-width: 500px) 100vw, 500px\" \/><p id=\"caption-attachment-2657\" class=\"wp-caption-text\">Spiri auf dem Weg zum M\u00fcnchner Meister 2013; Foto: Marco Kost<\/p><\/div>\n<p>Ashima Shiraishi machte erstmals vor etwa 5 Jahren von sich reden. Damals boulderte sie mit gerade einmal 8 Jahren ihre erste V10 (das ist auf der UIAA-Skala so etwas \u00e4hnliches wie eine 10). Sie hatte damit den Rekord von &#8222;Wunderkind&#8220; Adam Ondra vor fast einem Jahrzehnt, der mit 10 Jahren eine UIAA 10 kletterte eingestellt. Kleine Kinder, gro\u00dfe Zahlen da gibt es so einige Geheimnisse zu l\u00fcften, was das Kletterk\u00f6nnen der Kinder angeht. Ihre Hebelkr\u00e4fte sind meist g\u00fcnstig, mit ihren kleinen Fingerchen k\u00f6nnen unhaltbare Microleistchen zu guten Zwischengriffen mutieren und dann ist da noch das geringe K\u00f6rpergewicht&#8230; aber l\u00e4stern war schon immer die Kunst der Unwissenden. Man kommt allen Unkenrufen zum Trotz nicht darum herum: mit Ashima Shiraishi und co tritt eine neue, superstarke Generation auf die B\u00fchne der Klettergeschichte. Inzwischen ist Ashima 13 Jahre alt und hat als erstes weibliches Wesen eine 8B (11- UIAA) gebouldert und zugleich noch ein paar 8c+ Routen geklettert (alle in erstaunlich kurzer Zeit). Sie ist damit die Klettererin, die in Bouldern und Routen zugleich\u00a0 jemals am schwersten geklettert ist &#8211; mit 13 Jahren! Was wird Ashima mit 16 oder 20 Jahren klettern? Voraussichtlich werden die Kids der Zukunft die Kletter- &amp; Boulderszene der fr\u00fchen 2000er alt aussehen lassen&#8230; Allerdings ist Ashima nicht nur eine besondere Nummer wie alle Kletterg\u00f6tter, sondern sie hat auch noch einen Papa, der Bewegungslehrer in einer altjapanischen Tanzkunst ist. Papa Shirashi ist kein Kletterer, wie die Eltern von Adam Ondra und einigen anderen Superkletterkindern, sondern er ist Profi einer mehr als 2000 Jahre alten, hochritualisierten Bewegungsschule. Ashimas Erfolge gehen vermutlich indirekt auch auf die fern\u00f6stlichen Bewegungsk\u00fcnste zur\u00fcck. Yoga, Aikido etc. sind derzeit einige der wichtigsten Impulsgeber f\u00fcr den Klettersport. Noch immer wissen nur ganz wenige Kletterer wie Schulter- und Beckenkoordination physiologisch sinnvoll und sportlich effektiv zugleich funktioniert. Die Schulterverletzungen haben schon seit einigen Jahren die Fingerverletzungen im Klettersport \u00fcberrundet. Der Mensch stammt zwar bekanntlich vom Affen ab, aber nicht nur unsere geistigen sondern auch unsere k\u00f6rperlichen Strukturen haben sich in den letzten 5 Millionen Jahren massiv ver\u00e4ndert. So k\u00f6nnen wir z.B. zwar durchaus im Sinne des Bewegungsablaufes hangeln wie ein Gibbon, gut ist das f\u00fcr unsere Schultern aber keineswegs Dieses Wissen ist f\u00fcr Profis aus den fern\u00f6stlichen Bewegungsk\u00fcnsten nichts Neues &#8211; Ashima hangelt z.B. selbstverst\u00e4ndlich mit zentrierter Schulter. Es w\u00fcrde mich nicht wundern, wenn Ashima auch noch mit 50 Jahren am oberen Ende der Kletterskala unterwegs ist. Dass das vielleicht auch bei &#8222;meinen&#8220; Kids im Wettkampfkader 2 von M\u00fcnchen &amp; Oberland\u00a0 der Fall sein wird, daf\u00fcr setze ich mich jeden Tag ein. Ich kann dabei u.a. aus der Erfahrung von fast 10 Jahren Leistungstraining ( zwei bis drei Mal die Woche) mit Kindern und Jugendlichen sch\u00f6pfen. Ein Junge aus &#8222;meinem&#8220; Kader, Elias &#8222;Spiri&#8220; Heinemann, hat 4 Tage nach seinem 13. Geburtstag seine erste 8B gebouldert und hat sich damit sozusagen\u00a0 in den &#8222;Pantheon&#8220; der Kinderkletterstars eingereiht. Selbstverst\u00e4ndlich spiele ich bei dieser Leistung eine gewisse Rolle, aber die absolute Hauptarbeit leistet, bei allem Stolz den ich f\u00fcr Spiri und &#8222;mein&#8220; Wettkampfkader empfinde, immer der Athlet selber.<\/p>\n<p><a href=\"http:\/\/www.davplus.de\/home\/kletterteam\/aktuell\/elias-heinemann\">Bericht zu Spiri auf dem Portal von M\u00fcnchen &amp; Oberland &#8230;<\/a><\/p>\n<p><a href=\"http:\/\/www.climbingsessions.com\/?p=2463\">Im Sommer 2013 trafen wir Ashima in Magic Wood&#8230;<\/a><\/p>\n<p><a href=\"https:\/\/www.facebook.com\/ashimashiraishi\">Ashima Shirashi auf Facebook&#8230;<\/a><\/p>\n<p><a href=\"http:\/\/vimeo.com\/82171042\">Aktuelles Video \u00fcber Ashima mit ihrem Vater und ihrem Trainer Obey auf vimeo&#8230;<\/a><\/p>\n","protected":false},"excerpt":{"rendered":"<p>Ashima Shiraishi machte erstmals vor etwa 5 Jahren von sich reden. Damals boulderte sie mit gerade einmal 8 Jahren ihre erste V10 (das ist auf der UIAA-Skala so etwas \u00e4hnliches wie eine 10). Sie hatte damit den Rekord von &#8222;Wunderkind&#8220; Adam Ondra vor fast einem Jahrzehnt, der mit 10 Jahren eine UIAA 10 kletterte eingestellt. [&hellip;]<\/p>\n","protected":false},"author":1,"featured_media":0,"comment_status":"closed","ping_status":"closed","sticky":false,"template":"","format":"standard","meta":{"footnotes":""},"categories":[1,15],"tags":[193,225,201,226,227,186],"class_list":["post-2656","post","type-post","status-publish","format-standard","hentry","category-allgemein","category-trainer","tag-adam-ondra","tag-ashima","tag-ashima-shiraishi","tag-elias-heinemann","tag-fernost","tag-spiri"],"_links":{"self":[{"href":"http:\/\/www.climbingsessions.com\/index.php?rest_route=\/wp\/v2\/posts\/2656","targetHints":{"allow":["GET"]}}],"collection":[{"href":"http:\/\/www.climbingsessions.com\/index.php?rest_route=\/wp\/v2\/posts"}],"about":[{"href":"http:\/\/www.climbingsessions.com\/index.php?rest_route=\/wp\/v2\/types\/post"}],"author":[{"embeddable":true,"href":"http:\/\/www.climbingsessions.com\/index.php?rest_route=\/wp\/v2\/users\/1"}],"replies":[{"embeddable":true,"href":"http:\/\/www.climbingsessions.com\/index.php?rest_route=%2Fwp%2Fv2%2Fcomments&post=2656"}],"version-history":[{"count":10,"href":"http:\/\/www.climbingsessions.com\/index.php?rest_route=\/wp\/v2\/posts\/2656\/revisions"}],"predecessor-version":[{"id":2661,"href":"http:\/\/www.climbingsessions.com\/index.php?rest_route=\/wp\/v2\/posts\/2656\/revisions\/2661"}],"wp:attachment":[{"href":"http:\/\/www.climbingsessions.com\/index.php?rest_route=%2Fwp%2Fv2%2Fmedia&parent=2656"}],"wp:term":[{"taxonomy":"category","embeddable":true,"href":"http:\/\/www.climbingsessions.com\/index.php?rest_route=%2Fwp%2Fv2%2Fcategories&post=2656"},{"taxonomy":"post_tag","embeddable":true,"href":"http:\/\/www.climbingsessions.com\/index.php?rest_route=%2Fwp%2Fv2%2Ftags&post=2656"}],"curies":[{"name":"wp","href":"https:\/\/api.w.org\/{rel}","templated":true}]}}