{"id":2366,"date":"2013-04-06T23:01:29","date_gmt":"2013-04-06T21:01:29","guid":{"rendered":"http:\/\/www.climbingsessions.com\/?p=2366"},"modified":"2013-04-06T23:01:29","modified_gmt":"2013-04-06T21:01:29","slug":"5-climb-free-2-nachtrag","status":"publish","type":"post","link":"http:\/\/www.climbingsessions.com\/?p=2366","title":{"rendered":"5. CLIMB FREE &#8211; 2. Nachtrag"},"content":{"rendered":"<div id=\"attachment_2368\" style=\"width: 460px\" class=\"wp-caption alignleft\"><img loading=\"lazy\" decoding=\"async\" aria-describedby=\"caption-attachment-2368\" class=\"size-full wp-image-2368\" title=\"Adam &amp; Nils\" src=\"http:\/\/www.climbingsessions.com\/wp-content\/uploads\/2013\/04\/adam-ondra-web.jpg\" alt=\"Adam &amp; Nils\" width=\"450\" height=\"419\" srcset=\"http:\/\/www.climbingsessions.com\/wp-content\/uploads\/2013\/04\/adam-ondra-web.jpg 450w, http:\/\/www.climbingsessions.com\/wp-content\/uploads\/2013\/04\/adam-ondra-web-300x279.jpg 300w\" sizes=\"auto, (max-width: 450px) 100vw, 450px\" \/><p id=\"caption-attachment-2368\" class=\"wp-caption-text\">Adam &amp; Nils<\/p><\/div>\n<p>Ger\u00fcchteweise soll Adam Ondra bei jedem Go in &#8222;Dura Dura&#8220; vor ein paar Wochen (i.d.R. einer pro Tag) ein neues Paar Kletterschuhe genutzt haben. Abgesehen davon, dass sich die Kletterszene sehr gerne an allen m\u00f6glichen und &#8222;unm\u00f6glichen&#8220; Ger\u00fcchten labt, kann ich best\u00e4tigen, dass Adam auf dem CLIMB FREE tats\u00e4chlich nagelneue Kletterschuhe angezogen hat und &#8230; dass die verdammt eng waren\u00a0 -&gt; s.a. der kleine Film in dem ich eigentlich einen Kletterauftritt von Adam anmoderieren soll, aber der kommt nicht vom Boden hoch, weil er in seine Schuhe nicht hineinfindet und ich muss reden, reden und reden&#8230; \ud83d\ude42<\/p>\n<p><a href=\"https:\/\/vimeo.com\/63480943\">Adam Ondra auf dem CLIMB FREE&#8230;<\/a><\/p>\n","protected":false},"excerpt":{"rendered":"<p>Ger\u00fcchteweise soll Adam Ondra bei jedem Go in &#8222;Dura Dura&#8220; vor ein paar Wochen (i.d.R. einer pro Tag) ein neues Paar Kletterschuhe genutzt haben. Abgesehen davon, dass sich die Kletterszene sehr gerne an allen m\u00f6glichen und &#8222;unm\u00f6glichen&#8220; Ger\u00fcchten labt, kann ich best\u00e4tigen, dass Adam auf dem CLIMB FREE tats\u00e4chlich nagelneue Kletterschuhe angezogen hat und &#8230; [&hellip;]<\/p>\n","protected":false},"author":1,"featured_media":0,"comment_status":"closed","ping_status":"closed","sticky":false,"template":"","format":"standard","meta":{"footnotes":""},"categories":[116,1,85],"tags":[193,128,69,90,101],"class_list":["post-2366","post","type-post","status-publish","format-standard","hentry","category-diverses","category-allgemein","category-veranstaltung","tag-adam-ondra","tag-boulderwettkampf","tag-climb-free","tag-oberlandcup","tag-wettkampf"],"_links":{"self":[{"href":"http:\/\/www.climbingsessions.com\/index.php?rest_route=\/wp\/v2\/posts\/2366","targetHints":{"allow":["GET"]}}],"collection":[{"href":"http:\/\/www.climbingsessions.com\/index.php?rest_route=\/wp\/v2\/posts"}],"about":[{"href":"http:\/\/www.climbingsessions.com\/index.php?rest_route=\/wp\/v2\/types\/post"}],"author":[{"embeddable":true,"href":"http:\/\/www.climbingsessions.com\/index.php?rest_route=\/wp\/v2\/users\/1"}],"replies":[{"embeddable":true,"href":"http:\/\/www.climbingsessions.com\/index.php?rest_route=%2Fwp%2Fv2%2Fcomments&post=2366"}],"version-history":[{"count":6,"href":"http:\/\/www.climbingsessions.com\/index.php?rest_route=\/wp\/v2\/posts\/2366\/revisions"}],"predecessor-version":[{"id":2373,"href":"http:\/\/www.climbingsessions.com\/index.php?rest_route=\/wp\/v2\/posts\/2366\/revisions\/2373"}],"wp:attachment":[{"href":"http:\/\/www.climbingsessions.com\/index.php?rest_route=%2Fwp%2Fv2%2Fmedia&parent=2366"}],"wp:term":[{"taxonomy":"category","embeddable":true,"href":"http:\/\/www.climbingsessions.com\/index.php?rest_route=%2Fwp%2Fv2%2Fcategories&post=2366"},{"taxonomy":"post_tag","embeddable":true,"href":"http:\/\/www.climbingsessions.com\/index.php?rest_route=%2Fwp%2Fv2%2Ftags&post=2366"}],"curies":[{"name":"wp","href":"https:\/\/api.w.org\/{rel}","templated":true}]}}