{"id":2352,"date":"2013-03-30T14:34:47","date_gmt":"2013-03-30T13:34:47","guid":{"rendered":"http:\/\/www.climbingsessions.com\/?p=2352"},"modified":"2013-03-30T14:40:58","modified_gmt":"2013-03-30T13:40:58","slug":"5-climb-free-nachtrag","status":"publish","type":"post","link":"http:\/\/www.climbingsessions.com\/?p=2352","title":{"rendered":"5. CLIMB FREE Nachtrag"},"content":{"rendered":"<p><img loading=\"lazy\" decoding=\"async\" class=\"alignleft size-full wp-image-2356\" title=\"mko_climb_free_2013_064_250x167\" src=\"http:\/\/www.climbingsessions.com\/wp-content\/uploads\/2013\/03\/mko_climb_free_2013_064_250x167.jpg\" alt=\"\" width=\"250\" height=\"167\" \/>Im Moment regnet es hier im Tessin und es ist ein Ruhetag angesagt also Zeit mal wieder was auf meinem Blog zu schreiben. Der 5.\u00a0 CLIMB FREE ist zwar schon ein paar Wochen Vergangenheit, aber er war auch dieses Jahr wieder ein Highlight und deshalb stelle ich hier noch eine kurze Meldung dazu ein. Insbesondere der neue Teilnehmerrekord bei einem regul\u00e4ren Landeswettkampf (140 Starter auf dem 1. bayerischen Jugendbouldercup 2013 am 2. Tag des CLIMB FREE) ist bemerkenswert.<\/p>\n<p>Ich hatte ausserdem das Vergn\u00fcgen an zwei Tagen Adam Ondra zu interviewen. Der aktuell beste Kletterer der Welt hat einen tiefen Eindruck auf mich hinterlassen. Adam besticht einerseits durch Bescheidenheit und eine sympathische Umgangsweise andererseits durch eine Anzahl ungew\u00f6hnlicher Eigenschaften und F\u00e4higkeiten, so z.B.: extrem schnelle Auffassungsgabe, 100% Engagement wenns ums Klettern geht, ungew\u00f6hnlich hohes Merkverm\u00f6gen, sehr gute Augenkoordination,\u00a0 aussergew\u00f6hnlich positive Morphologie bezogen aufs Klettern (kleiner=leichter Kopf, starke breit-flache Finger, gro\u00dfe Handteller, kurze Oberarme und Oberschenkel, extrem schmaler Gesamtk\u00f6rperleichtbau, ungew\u00f6hnliche Beweglichkeit, etc. pp) ich habe ihn sehr aufmerksam &#8222;studiert&#8220; :).<\/p>\n<p>\u00dcberrascht hat mich Adam zudem mit zwei Aussagen. Auf mein Frage ob und wenn ja wann mit ihm wieder im Kletterwettkampfgeschehen zu rechnen ist, antwortete er ohne zu z\u00f6gern mit \u201e2014\u201c. Ausserdem spielt er mit dem Gedanken einer On Sight \u2013 Begehung von \u201eDes Kaisers neue Kleider\u201c (10+, einer der allerersten Mulitpitch-Routen der Welt in diesem Grad, Mitte der 90er von Stefan Glowatcz im Wilden Kaiser erstbegangen). Nachdem Alex Megos diese Woche mit der \u201ezuf\u00e4lligen\u201c On Sight-Begehung von \u201eEstado Critico\u201c (9a) Adam den Titel des &#8222;On-Sight-K\u00f6nigs&#8220; weggeschnappt hat, k\u00f6nnte ein On Sight des \u201eKaisers\u201c mehr als nur ein Gedankenspiel von Adam bleiben. Jedenfalls bin ich sehr gespannt was der junge Superstar der staunenden Weltklettergemeinde 2013 pr\u00e4sentieren wird.<\/p>\n<p>Zur\u00fcck zum 5. CLIMB FREE:<\/p>\n<p><a href=\"http:\/\/www.davplus.de\/oberlandcup\/climbfree\">Bericht<\/a> aus Sicht der DAV Sektionen M\u00fcnchen &amp; Oberland&#8230;<\/p>\n<p><a href=\"http:\/\/vimeo.com\/60716652\">Film<\/a> von Deti &#8230;<\/p>\n<p><a href=\"http:\/\/vimeo.com\/davmuctv\/videos\">Interview mit Adam Ondra + Livestreamaufzeichnungen<\/a> 5.CLIMB FREE\u2026<\/p>\n<p><a href=\"http:\/\/www.davplus.de\/oberlandcup\/impressionen-free-2013\">Galerie <\/a>Messe F.re.e. und 5. CLIMB FREE\u2026<\/p>\n<p>&nbsp;<\/p>\n<p>Ach ja, vielen Dank noch an meine Sponsoren, Directalpine, Edelrid und Tenaya, die den 5. CLIMB FREE stark unterstuetzt haben &#8211; Alex Megos klettert uebrigens mit Tenaya, die bekanntermassen von Ramonet Puigblanque, dem aktuell staerksten spanischen Kletterer mitentwickelt werden &#8230;<\/p>\n<p>&nbsp;<\/p>\n<p>&nbsp;<\/p>\n<p>&nbsp;<\/p>\n<p>&nbsp;<\/p>\n","protected":false},"excerpt":{"rendered":"<p>Im Moment regnet es hier im Tessin und es ist ein Ruhetag angesagt also Zeit mal wieder was auf meinem Blog zu schreiben. Der 5.\u00a0 CLIMB FREE ist zwar schon ein paar Wochen Vergangenheit, aber er war auch dieses Jahr wieder ein Highlight und deshalb stelle ich hier noch eine kurze Meldung dazu ein. Insbesondere [&hellip;]<\/p>\n","protected":false},"author":1,"featured_media":0,"comment_status":"closed","ping_status":"closed","sticky":false,"template":"","format":"standard","meta":{"footnotes":""},"categories":[1,85],"tags":[193,69,137,130,131,90,92,160,101,100],"class_list":["post-2352","post","type-post","status-publish","format-standard","hentry","category-allgemein","category-veranstaltung","tag-adam-ondra","tag-climb-free","tag-internationaler-wettkampf","tag-landeswettkampf","tag-munchen-oberland","tag-oberlandcup","tag-regionalwettkampf","tag-sponsoren-2","tag-wettkampf","tag-worldcup"],"_links":{"self":[{"href":"http:\/\/www.climbingsessions.com\/index.php?rest_route=\/wp\/v2\/posts\/2352","targetHints":{"allow":["GET"]}}],"collection":[{"href":"http:\/\/www.climbingsessions.com\/index.php?rest_route=\/wp\/v2\/posts"}],"about":[{"href":"http:\/\/www.climbingsessions.com\/index.php?rest_route=\/wp\/v2\/types\/post"}],"author":[{"embeddable":true,"href":"http:\/\/www.climbingsessions.com\/index.php?rest_route=\/wp\/v2\/users\/1"}],"replies":[{"embeddable":true,"href":"http:\/\/www.climbingsessions.com\/index.php?rest_route=%2Fwp%2Fv2%2Fcomments&post=2352"}],"version-history":[{"count":12,"href":"http:\/\/www.climbingsessions.com\/index.php?rest_route=\/wp\/v2\/posts\/2352\/revisions"}],"predecessor-version":[{"id":2365,"href":"http:\/\/www.climbingsessions.com\/index.php?rest_route=\/wp\/v2\/posts\/2352\/revisions\/2365"}],"wp:attachment":[{"href":"http:\/\/www.climbingsessions.com\/index.php?rest_route=%2Fwp%2Fv2%2Fmedia&parent=2352"}],"wp:term":[{"taxonomy":"category","embeddable":true,"href":"http:\/\/www.climbingsessions.com\/index.php?rest_route=%2Fwp%2Fv2%2Fcategories&post=2352"},{"taxonomy":"post_tag","embeddable":true,"href":"http:\/\/www.climbingsessions.com\/index.php?rest_route=%2Fwp%2Fv2%2Ftags&post=2352"}],"curies":[{"name":"wp","href":"https:\/\/api.w.org\/{rel}","templated":true}]}}