{"id":2254,"date":"2012-12-05T16:01:01","date_gmt":"2012-12-05T15:01:01","guid":{"rendered":"http:\/\/www.climbingsessions.com\/?p=2254"},"modified":"2012-12-22T10:36:46","modified_gmt":"2012-12-22T09:36:46","slug":"bleau-2012april-tag-3-5","status":"publish","type":"post","link":"http:\/\/www.climbingsessions.com\/?p=2254","title":{"rendered":"Bleau 2012\/April\/ Tag 3 &#8211; 8"},"content":{"rendered":"<div id=\"attachment_2255\" style=\"width: 410px\" class=\"wp-caption aligncenter\"><img loading=\"lazy\" decoding=\"async\" aria-describedby=\"caption-attachment-2255\" class=\"size-full wp-image-2255 \" title=\"Grad lustig wars in Cuvier Rempart\" src=\"http:\/\/www.climbingsessions.com\/wp-content\/uploads\/2012\/12\/12-04-bleau-Fabi-Kathi-Lara.jpg\" alt=\"Grad lustig wars in Cuvier Rempart\" width=\"400\" height=\"225\" srcset=\"http:\/\/www.climbingsessions.com\/wp-content\/uploads\/2012\/12\/12-04-bleau-Fabi-Kathi-Lara.jpg 400w, http:\/\/www.climbingsessions.com\/wp-content\/uploads\/2012\/12\/12-04-bleau-Fabi-Kathi-Lara-300x168.jpg 300w\" sizes=\"auto, (max-width: 400px) 100vw, 400px\" \/><p id=\"caption-attachment-2255\" class=\"wp-caption-text\">Grad lustig wars in Cuvier Rempart<\/p><\/div>\n<p>Und weiter gehts mit den Bleauclips. Am 3. Tag ist das Wettkampfkader 3 der DAV-Sektionen M\u00fcnchen &amp; Oberland im weltber\u00fchmten Bas Cuvier im Einsatz. Tag 4 dann ein Auftritt im sonnigen, bekannten Gebiet Apremont Bisons und Tag 5 war dann der erste echte Projekttag im Hardcore Gebiet Cuvier Rempart. Dort verbissen sich die Jungathleten in einige sackschwere Probleme. Nur das Problem der drei j\u00fcngeren Gastteilnehmerinnen Anna, Esther und Silja ist leider dokumentiert, da die Trainer laufend im Einsatz waren und nur wenig Zeit zum Filmen zur Verf\u00fcgung stand. Dennoch hatten auch die ganz kleinen Wettkampfkletterer eine beeindruckende Session. Die setzte sich am n\u00e4chsten, dem 6. Tag fort. Weils so sch\u00f6n war gings noch mal nach Cuvier (Bas &amp; Rempart). Am 7. Tag war es zuletzt regnerisch, ein guter Anlass um sich in Jour de pluie (franz. &#8222;Regentag&#8220;) zu versuchen. Tag 8 war ein weiterer Aufenthalt in Cuisiniere Isatis angesagt. Dort bewies sich das Wettkampfkader 3 in Disziplin und Teamspirit (im Gegensatz zu den exaltierten Bleausards :). Viel Spa\u00df beim Ansehen!<\/p>\n<p><a href=\"http:\/\/vimeo.com\/54279009\">Clip Tag 3<\/a><\/p>\n<p><a href=\"http:\/\/vimeo.com\/54726400\">Clip Tag 4<\/a><\/p>\n<p><a href=\"http:\/\/vimeo.com\/54815759\">Clip Tag 5<\/a><\/p>\n<p><a href=\"http:\/\/vimeo.com\/55274015\">Clip Tag 6<\/a><\/p>\n<p><a href=\"https:\/\/vimeo.com\/55891751\">Clip Tag 7<\/a><\/p>\n<p><a href=\"https:\/\/vimeo.com\/56111887\">Clip Tag 8<\/a><\/p>\n","protected":false},"excerpt":{"rendered":"<p>Und weiter gehts mit den Bleauclips. Am 3. Tag ist das Wettkampfkader 3 der DAV-Sektionen M\u00fcnchen &amp; Oberland im weltber\u00fchmten Bas Cuvier im Einsatz. Tag 4 dann ein Auftritt im sonnigen, bekannten Gebiet Apremont Bisons und Tag 5 war dann der erste echte Projekttag im Hardcore Gebiet Cuvier Rempart. Dort verbissen sich die Jungathleten in [&hellip;]<\/p>\n","protected":false},"author":1,"featured_media":0,"comment_status":"closed","ping_status":"closed","sticky":false,"template":"","format":"standard","meta":{"footnotes":""},"categories":[1],"tags":[6,7,9,131,139,102],"class_list":["post-2254","post","type-post","status-publish","format-standard","hentry","category-allgemein","tag-bleau","tag-bouldern","tag-fontainebleau","tag-munchen-oberland","tag-trainingslager","tag-wettkampfkader-3"],"_links":{"self":[{"href":"http:\/\/www.climbingsessions.com\/index.php?rest_route=\/wp\/v2\/posts\/2254","targetHints":{"allow":["GET"]}}],"collection":[{"href":"http:\/\/www.climbingsessions.com\/index.php?rest_route=\/wp\/v2\/posts"}],"about":[{"href":"http:\/\/www.climbingsessions.com\/index.php?rest_route=\/wp\/v2\/types\/post"}],"author":[{"embeddable":true,"href":"http:\/\/www.climbingsessions.com\/index.php?rest_route=\/wp\/v2\/users\/1"}],"replies":[{"embeddable":true,"href":"http:\/\/www.climbingsessions.com\/index.php?rest_route=%2Fwp%2Fv2%2Fcomments&post=2254"}],"version-history":[{"count":10,"href":"http:\/\/www.climbingsessions.com\/index.php?rest_route=\/wp\/v2\/posts\/2254\/revisions"}],"predecessor-version":[{"id":2267,"href":"http:\/\/www.climbingsessions.com\/index.php?rest_route=\/wp\/v2\/posts\/2254\/revisions\/2267"}],"wp:attachment":[{"href":"http:\/\/www.climbingsessions.com\/index.php?rest_route=%2Fwp%2Fv2%2Fmedia&parent=2254"}],"wp:term":[{"taxonomy":"category","embeddable":true,"href":"http:\/\/www.climbingsessions.com\/index.php?rest_route=%2Fwp%2Fv2%2Fcategories&post=2254"},{"taxonomy":"post_tag","embeddable":true,"href":"http:\/\/www.climbingsessions.com\/index.php?rest_route=%2Fwp%2Fv2%2Ftags&post=2254"}],"curies":[{"name":"wp","href":"https:\/\/api.w.org\/{rel}","templated":true}]}}