{"id":2241,"date":"2012-11-19T06:51:16","date_gmt":"2012-11-19T05:51:16","guid":{"rendered":"http:\/\/www.climbingsessions.com\/?p=2241"},"modified":"2012-12-19T08:18:25","modified_gmt":"2012-12-19T07:18:25","slug":"bleau-2012apriltag-2","status":"publish","type":"post","link":"http:\/\/www.climbingsessions.com\/?p=2241","title":{"rendered":"Bleau 2012\/April\/Tag 2"},"content":{"rendered":"<div id=\"attachment_2243\" style=\"width: 260px\" class=\"wp-caption alignleft\"><img loading=\"lazy\" decoding=\"async\" aria-describedby=\"caption-attachment-2243\" class=\"size-full wp-image-2243\" title=\"Voller Einsatz in Isatis Cusiniere\" src=\"http:\/\/www.climbingsessions.com\/wp-content\/uploads\/2012\/11\/fabi-web.jpg\" alt=\"Voller Einsatz in Isatis Cusiniere\" width=\"250\" height=\"141\" \/><p id=\"caption-attachment-2243\" class=\"wp-caption-text\">Voller Einsatz in Isatis Cusiniere<\/p><\/div>\n<p>In dieser Folge kann die Akribie bewundert werden, mit der das Wettkampfkader 3 ans Klettern (Bouldern) herangeht. Im Topgebiet Isatis Cusiniere haben sich die kleinen Talente zwischen 8 und 11 Jahren ein komplexes Projekt ausgesucht, das \u00fcber Stunden berannt wird, bis es schlie\u00dflich f\u00e4llt, wie der 3. Film &#8222;<a href=\"https:\/\/vimeo.com\/53796858\">Bleau 2012\/April<\/a>&#8220; anschaulich zeigt&#8230;<\/p>\n<p><a href=\"http:\/\/www.climbingsessions.com\/2012\/10\/22\/bleau-ist-kein-ponyhof\/\">Alle Bleau 2012\/April &#8211; Filme&#8230;<\/a><\/p>\n","protected":false},"excerpt":{"rendered":"<p>In dieser Folge kann die Akribie bewundert werden, mit der das Wettkampfkader 3 ans Klettern (Bouldern) herangeht. Im Topgebiet Isatis Cusiniere haben sich die kleinen Talente zwischen 8 und 11 Jahren ein komplexes Projekt ausgesucht, das \u00fcber Stunden berannt wird, bis es schlie\u00dflich f\u00e4llt, wie der 3. Film &#8222;Bleau 2012\/April&#8220; anschaulich zeigt&#8230; Alle Bleau 2012\/April [&hellip;]<\/p>\n","protected":false},"author":1,"featured_media":0,"comment_status":"closed","ping_status":"closed","sticky":false,"template":"","format":"standard","meta":{"footnotes":""},"categories":[1,15],"tags":[6,7,9,141,102],"class_list":["post-2241","post","type-post","status-publish","format-standard","hentry","category-allgemein","category-trainer","tag-bleau","tag-bouldern","tag-fontainebleau","tag-wettkampfkader","tag-wettkampfkader-3"],"_links":{"self":[{"href":"http:\/\/www.climbingsessions.com\/index.php?rest_route=\/wp\/v2\/posts\/2241","targetHints":{"allow":["GET"]}}],"collection":[{"href":"http:\/\/www.climbingsessions.com\/index.php?rest_route=\/wp\/v2\/posts"}],"about":[{"href":"http:\/\/www.climbingsessions.com\/index.php?rest_route=\/wp\/v2\/types\/post"}],"author":[{"embeddable":true,"href":"http:\/\/www.climbingsessions.com\/index.php?rest_route=\/wp\/v2\/users\/1"}],"replies":[{"embeddable":true,"href":"http:\/\/www.climbingsessions.com\/index.php?rest_route=%2Fwp%2Fv2%2Fcomments&post=2241"}],"version-history":[{"count":8,"href":"http:\/\/www.climbingsessions.com\/index.php?rest_route=\/wp\/v2\/posts\/2241\/revisions"}],"predecessor-version":[{"id":2246,"href":"http:\/\/www.climbingsessions.com\/index.php?rest_route=\/wp\/v2\/posts\/2241\/revisions\/2246"}],"wp:attachment":[{"href":"http:\/\/www.climbingsessions.com\/index.php?rest_route=%2Fwp%2Fv2%2Fmedia&parent=2241"}],"wp:term":[{"taxonomy":"category","embeddable":true,"href":"http:\/\/www.climbingsessions.com\/index.php?rest_route=%2Fwp%2Fv2%2Fcategories&post=2241"},{"taxonomy":"post_tag","embeddable":true,"href":"http:\/\/www.climbingsessions.com\/index.php?rest_route=%2Fwp%2Fv2%2Ftags&post=2241"}],"curies":[{"name":"wp","href":"https:\/\/api.w.org\/{rel}","templated":true}]}}