{"id":2188,"date":"2012-08-10T12:22:10","date_gmt":"2012-08-10T10:22:10","guid":{"rendered":"http:\/\/www.climbingsessions.com\/?p=2188"},"modified":"2012-08-14T11:02:18","modified_gmt":"2012-08-14T09:02:18","slug":"monika-retschy","status":"publish","type":"post","link":"http:\/\/www.climbingsessions.com\/?p=2188","title":{"rendered":"Monika Retschy"},"content":{"rendered":"<div id=\"attachment_2190\" style=\"width: 522px\" class=\"wp-caption alignleft\"><img loading=\"lazy\" decoding=\"async\" aria-describedby=\"caption-attachment-2190\" class=\" wp-image-2190 \" title=\"Moni bei der Sichtung 2004\" src=\"http:\/\/www.climbingsessions.com\/wp-content\/uploads\/2012\/08\/monika-retschy.jpg\" alt=\"Moni bei der Sichtung 2004\" width=\"512\" height=\"384\" srcset=\"http:\/\/www.climbingsessions.com\/wp-content\/uploads\/2012\/08\/monika-retschy.jpg 640w, http:\/\/www.climbingsessions.com\/wp-content\/uploads\/2012\/08\/monika-retschy-300x225.jpg 300w\" sizes=\"auto, (max-width: 512px) 100vw, 512px\" \/><p id=\"caption-attachment-2190\" class=\"wp-caption-text\">Moni bei der Sichtung 2004<\/p><\/div>\n<p>Von Jiri Kadlec, der Moni 2003 in ihrem ersten Kletterjahr trainierte, hatte ich damals erfahren, da\u00df sie ein richtiges Talent ist. 2004 lief sie mir in Thalkirchen zum ersten Mal eher zuf\u00e4llig \u00fcber den Weg. Ich fragte sie sinngem\u00e4\u00df, ob ihr das Klettern wirklich so richtig Spa\u00df macht, ihr Augen begannen zu strahlen und sie grinste bis \u00fcber beide Ohren. Damals war sie etwa 12 Jahre alt. Kurz darauf, im April 2004, fand die Sichtung zur Gr\u00fcndung des Nachwuchsf\u00f6rdersystems <em>Kletterteam M\u00fcnchen &amp; Oberland<\/em> statt. Bei der Sichtung stellte sie ihr Talent unter Beweis. Ich war damals schon beeindruckt von ihrer Pr\u00e4zision und ihrem taktischen Geschick. Moni war eine der 45 ersten Mitglieder dieses Teams. Ein Jahr sp\u00e4ter trainierte sie bei mir im Wettkampfkader 1 von M\u00fcnchen &amp; Oberland als damals \u00e4lteste Teilnehmerin. Der Verlauf ihre Kletterkarriere entwickelte sich von Anfang an steil nach oben. Bereits 2006 wurde sie deutsche Bouldermeisterin in der Jugend B, seit 2009 ist sie konkurrenzlos bayerische Meisterin bei den Damen und kletterte auf allen deutschen Bouldercups der Erwachsenen immer an der Spitze mit. Freilich hatte Moni mit Juliane Wurm immer eine Klettererin vor sich, die ihr eine gute Nasenl\u00e4nge voraus war. Seit knapp zwei Jahren ist Moni mit Peter, der bei der Sektion M\u00fcnchen arbeitet, fest liiert. Peter ist ehemaliger Fu\u00dfballprofi und Leistungssportler, das hat Monis Kletterentwicklung sicher nicht geschadet. Seit Sommer letzten Jahres ist Moni zusammen mit Jule Wurm Mitglied im deutschen Nationalkader Bouldern. 5 Halbfinaleteilnahmen bei Worldcups und Felsboulder bis 8A in den letzten Monaten zeigen auf, da\u00df Moni an die besten Kletterfrauen der Welt angeschlossen hat. Am vergangenen Wochenende hat sie den deutschen Bouldercup in \u00dcberlingen souver\u00e4n gewonnen. Auf dem Boulderweltcup am 25.\/26. August unter dem Zeltdach des M\u00fcnchner Olympiastadions mu\u00df man mit ihr rechnen. Vor heimischem Publikum wird sie mit einem starken Background antreten. Ich bin sehr gespannt auf das gr\u00f6\u00dfte Klettermegaevent des Jahres und auf Monis Auftritt!<\/p>\n<p><a href=\"https:\/\/vimeo.com\/47277966\">Interview mit Moni vom April diesen Jahres zu Weltcups, Felstklettern, etc&#8230;.<\/a><\/p>\n<p><a href=\"http:\/\/www.davplus.de\/home\/kletterteam\/aktuell\">Bericht \u00fcber Moni auf der Homepage von M\u00fcnchen &amp; Oberland &#8230;<\/a><\/p>\n<p><a href=\"http:\/\/vimeo.com\/47087603\">Video Deutscher Bouldercup \u00dcberlingen 2012 mit vielen Moves von Moni&#8230;<\/a><\/p>\n<div id=\"attachment_2200\" style=\"width: 310px\" class=\"wp-caption alignleft\"><img loading=\"lazy\" decoding=\"async\" aria-describedby=\"caption-attachment-2200\" class=\"size-medium wp-image-2200\" title=\"S\u00fcdkurier berichtet \u00fcber Moni in \u00dcberlingen\" src=\"http:\/\/www.climbingsessions.com\/wp-content\/uploads\/2012\/08\/12-08-06-donaukurier-monika-retschy-300x218.jpg\" alt=\"S\u00fcdkurier berichtet \u00fcber Moni in \u00dcberlingen\" width=\"300\" height=\"218\" srcset=\"http:\/\/www.climbingsessions.com\/wp-content\/uploads\/2012\/08\/12-08-06-donaukurier-monika-retschy-300x218.jpg 300w, http:\/\/www.climbingsessions.com\/wp-content\/uploads\/2012\/08\/12-08-06-donaukurier-monika-retschy.jpg 1000w\" sizes=\"auto, (max-width: 300px) 100vw, 300px\" \/><p id=\"caption-attachment-2200\" class=\"wp-caption-text\">S\u00fcdkurier berichtet \u00fcber Moni in \u00dcberlingen<\/p><\/div>\n<p><a href=\"http:\/\/sonnenbouldern.blogspot.de\/\">Monis Page&#8230;<\/a><\/p>\n<p>&nbsp;<\/p>\n","protected":false},"excerpt":{"rendered":"<p>Von Jiri Kadlec, der Moni 2003 in ihrem ersten Kletterjahr trainierte, hatte ich damals erfahren, da\u00df sie ein richtiges Talent ist. 2004 lief sie mir in Thalkirchen zum ersten Mal eher zuf\u00e4llig \u00fcber den Weg. Ich fragte sie sinngem\u00e4\u00df, ob ihr das Klettern wirklich so richtig Spa\u00df macht, ihr Augen begannen zu strahlen und sie [&hellip;]<\/p>\n","protected":false},"author":1,"featured_media":0,"comment_status":"closed","ping_status":"closed","sticky":false,"template":"","format":"standard","meta":{"footnotes":""},"categories":[1,15,85],"tags":[7,128,137,183,131,96,21,184,101,100],"class_list":["post-2188","post","type-post","status-publish","format-standard","hentry","category-allgemein","category-trainer","category-veranstaltung","tag-bouldern","tag-boulderwettkampf","tag-internationaler-wettkampf","tag-monika-retschy","tag-munchen-oberland","tag-nationaler-wettkampf","tag-prazision","tag-taktik","tag-wettkampf","tag-worldcup"],"_links":{"self":[{"href":"http:\/\/www.climbingsessions.com\/index.php?rest_route=\/wp\/v2\/posts\/2188","targetHints":{"allow":["GET"]}}],"collection":[{"href":"http:\/\/www.climbingsessions.com\/index.php?rest_route=\/wp\/v2\/posts"}],"about":[{"href":"http:\/\/www.climbingsessions.com\/index.php?rest_route=\/wp\/v2\/types\/post"}],"author":[{"embeddable":true,"href":"http:\/\/www.climbingsessions.com\/index.php?rest_route=\/wp\/v2\/users\/1"}],"replies":[{"embeddable":true,"href":"http:\/\/www.climbingsessions.com\/index.php?rest_route=%2Fwp%2Fv2%2Fcomments&post=2188"}],"version-history":[{"count":12,"href":"http:\/\/www.climbingsessions.com\/index.php?rest_route=\/wp\/v2\/posts\/2188\/revisions"}],"predecessor-version":[{"id":2202,"href":"http:\/\/www.climbingsessions.com\/index.php?rest_route=\/wp\/v2\/posts\/2188\/revisions\/2202"}],"wp:attachment":[{"href":"http:\/\/www.climbingsessions.com\/index.php?rest_route=%2Fwp%2Fv2%2Fmedia&parent=2188"}],"wp:term":[{"taxonomy":"category","embeddable":true,"href":"http:\/\/www.climbingsessions.com\/index.php?rest_route=%2Fwp%2Fv2%2Fcategories&post=2188"},{"taxonomy":"post_tag","embeddable":true,"href":"http:\/\/www.climbingsessions.com\/index.php?rest_route=%2Fwp%2Fv2%2Ftags&post=2188"}],"curies":[{"name":"wp","href":"https:\/\/api.w.org\/{rel}","templated":true}]}}