{"id":2002,"date":"2012-01-04T19:06:30","date_gmt":"2012-01-04T18:06:30","guid":{"rendered":"http:\/\/www.climbingsessions.com\/?p=2002"},"modified":"2012-01-23T14:39:42","modified_gmt":"2012-01-23T13:39:42","slug":"wie-die-tochter-so-der-vater","status":"publish","type":"post","link":"http:\/\/www.climbingsessions.com\/?p=2002","title":{"rendered":"Wie die Tochter so der Vater"},"content":{"rendered":"<div id=\"attachment_2003\" style=\"width: 310px\" class=\"wp-caption alignleft\"><img loading=\"lazy\" decoding=\"async\" aria-describedby=\"caption-attachment-2003\" class=\"size-full wp-image-2003\" title=\"La Puce in chrome\" src=\"http:\/\/www.climbingsessions.com\/wp-content\/uploads\/2012\/01\/jump-chrom.jpg\" alt=\"La Puce in chrome\" width=\"300\" height=\"169\" \/><p id=\"caption-attachment-2003\" class=\"wp-caption-text\">La Puce in chrome<\/p><\/div>\n<p>Letztes Jahr war wieder ein Boulderjahr. Seit meine kleine Tochter Silja ihren Spa\u00df am Felsbouldern gefunden hat, habe ich mich diesem &#8222;neuen Trend&#8220; angeschlossen. Wo wurden besagte Aktivit\u00e4ten 2011 eingeleitet? &#8230;nat\u00fcrlich in Bleau! Zu Ostern gings mit dem Wettkampfkader 3 der DAV-Sektionen M\u00fcnchen &amp; Oberland auf den gr\u00f6\u00dften Kletterspielplatz der Welt, im herrlichen Wald von Fontainebleau bei Paris. Dort wurde 9 Tage ohne Unterbrechung gebouldert, was die Fingerhaut hergab. Zwei nette HD-Filmchen, einer mit Silja und einer mit mir, dokumentieren unseren Einsatz.<\/p>\n<p><a href=\"http:\/\/vimeo.com\/34498801\">Bleau 2011\/04 II<\/a><\/p>\n<p><a href=\"http:\/\/vimeo.com\/34556615\">Bleau 2011\/04 III<\/a><\/p>\n<p><!--more--><\/p>\n","protected":false},"excerpt":{"rendered":"<p>Letztes Jahr war wieder ein Boulderjahr. Seit meine kleine Tochter Silja ihren Spa\u00df am Felsbouldern gefunden hat, habe ich mich diesem &#8222;neuen Trend&#8220; angeschlossen. Wo wurden besagte Aktivit\u00e4ten 2011 eingeleitet? &#8230;nat\u00fcrlich in Bleau! Zu Ostern gings mit dem Wettkampfkader 3 der DAV-Sektionen M\u00fcnchen &amp; Oberland auf den gr\u00f6\u00dften Kletterspielplatz der Welt, im herrlichen Wald von [&hellip;]<\/p>\n","protected":false},"author":1,"featured_media":0,"comment_status":"closed","ping_status":"closed","sticky":false,"template":"","format":"standard","meta":{"footnotes":""},"categories":[1],"tags":[6,7,175,9,177,174],"class_list":["post-2002","post","type-post","status-publish","format-standard","hentry","category-allgemein","tag-bleau","tag-bouldern","tag-canche-aux-merciers","tag-fontainebleau","tag-franchard-sablons","tag-la-puce"],"_links":{"self":[{"href":"http:\/\/www.climbingsessions.com\/index.php?rest_route=\/wp\/v2\/posts\/2002","targetHints":{"allow":["GET"]}}],"collection":[{"href":"http:\/\/www.climbingsessions.com\/index.php?rest_route=\/wp\/v2\/posts"}],"about":[{"href":"http:\/\/www.climbingsessions.com\/index.php?rest_route=\/wp\/v2\/types\/post"}],"author":[{"embeddable":true,"href":"http:\/\/www.climbingsessions.com\/index.php?rest_route=\/wp\/v2\/users\/1"}],"replies":[{"embeddable":true,"href":"http:\/\/www.climbingsessions.com\/index.php?rest_route=%2Fwp%2Fv2%2Fcomments&post=2002"}],"version-history":[{"count":13,"href":"http:\/\/www.climbingsessions.com\/index.php?rest_route=\/wp\/v2\/posts\/2002\/revisions"}],"predecessor-version":[{"id":2075,"href":"http:\/\/www.climbingsessions.com\/index.php?rest_route=\/wp\/v2\/posts\/2002\/revisions\/2075"}],"wp:attachment":[{"href":"http:\/\/www.climbingsessions.com\/index.php?rest_route=%2Fwp%2Fv2%2Fmedia&parent=2002"}],"wp:term":[{"taxonomy":"category","embeddable":true,"href":"http:\/\/www.climbingsessions.com\/index.php?rest_route=%2Fwp%2Fv2%2Fcategories&post=2002"},{"taxonomy":"post_tag","embeddable":true,"href":"http:\/\/www.climbingsessions.com\/index.php?rest_route=%2Fwp%2Fv2%2Ftags&post=2002"}],"curies":[{"name":"wp","href":"https:\/\/api.w.org\/{rel}","templated":true}]}}