{"id":1951,"date":"2011-12-20T14:09:20","date_gmt":"2011-12-20T13:09:20","guid":{"rendered":"http:\/\/www.climbingsessions.com\/?p=1951"},"modified":"2011-12-20T14:09:55","modified_gmt":"2011-12-20T13:09:55","slug":"wettkampfkader-3-von-munchen-oberland","status":"publish","type":"post","link":"http:\/\/www.climbingsessions.com\/?p=1951","title":{"rendered":"Wettkampfkader 3 von M\u00fcnchen &#038; Oberland"},"content":{"rendered":"<div id=\"attachment_1952\" style=\"width: 260px\" class=\"wp-caption alignleft\"><img loading=\"lazy\" decoding=\"async\" aria-describedby=\"caption-attachment-1952\" class=\"size-full wp-image-1952\" title=\"Romy Fuchs im Finale der 2. Gilchinger Meisterschaft 2011, Photo: Stefan Huber\" src=\"http:\/\/www.climbingsessions.com\/wp-content\/uploads\/2011\/12\/romy-l\u00e4ngs-250.gif\" alt=\"Romy Fuchs im Finale der 2. Gilchinger Meisterschaft 2011, Photo: Stefan Huber\" width=\"250\" height=\"375\" srcset=\"http:\/\/www.climbingsessions.com\/wp-content\/uploads\/2011\/12\/romy-l\u00e4ngs-250.gif 250w, http:\/\/www.climbingsessions.com\/wp-content\/uploads\/2011\/12\/romy-l\u00e4ngs-250-200x300.gif 200w\" sizes=\"auto, (max-width: 250px) 100vw, 250px\" \/><p id=\"caption-attachment-1952\" class=\"wp-caption-text\">Romy Fuchs im Finale der 2. Gilchinger Meisterschaft 2011, Photo: Stefan Huber<\/p><\/div>\n<p>Seit M\u00e4rz 2010 trainiere ich zusammen mit Fabian Werner und Monika Retschy das Wettkampfkader 3 von M\u00fcnchen &amp; Oberland. Insgesamt 6 Nachwuchstalente haben dabei nichts anderes im Sinn als klettern, klettern, klettern ( ein Ausnahmetalent hat allerdings vorrangig Gummib\u00e4rchen im Sinn). Gemeinsam waren wir im Sommer 2010 im Tessin (zusammen mit Moni), zu Ostern 2011 f\u00fcr 10 Tage in Fontainebleau (mit Fabian) und diesen Sommer f\u00fcr 4 Tage im Val di Mello (mit Moni). Nat\u00fcrlich haben wir dort nicht nur S\u00fcssigkeiten verschlugen, sondern sind vorrangig der Boulderkunst am Fels nachgegangen. Eine kurze Vorstellung wer im Wettkampfkader 3 von M\u00fcnchen &amp; Oberland dabei ist, gibts <a title=\"WK 3\" href=\"http:\/\/www.alpenverein-muenchen-oberland.de\/home\/kletterteam\/wettkampfkader\/wettkampfkader_3\">hier<\/a>. Und einen netten Film mit einem Ausschnitt unserer Trainingsmethoden (Crashpadrodeo) im April in Bleau gibts <a title=\"WK 3 in Bleau 2011\/04\" href=\"http:\/\/vimeo.com\/33964302\">hier<\/a> (meine kleine Tochter Silja, Florian Hecht vom Sichtungskader und Floh Mahler vom Wettkampfkader 2 sind auch mit am Start).<\/p>\n","protected":false},"excerpt":{"rendered":"<p>Seit M\u00e4rz 2010 trainiere ich zusammen mit Fabian Werner und Monika Retschy das Wettkampfkader 3 von M\u00fcnchen &amp; Oberland. Insgesamt 6 Nachwuchstalente haben dabei nichts anderes im Sinn als klettern, klettern, klettern ( ein Ausnahmetalent hat allerdings vorrangig Gummib\u00e4rchen im Sinn). Gemeinsam waren wir im Sommer 2010 im Tessin (zusammen mit Moni), zu Ostern 2011 [&hellip;]<\/p>\n","protected":false},"author":1,"featured_media":0,"comment_status":"closed","ping_status":"closed","sticky":false,"template":"","format":"standard","meta":{"footnotes":""},"categories":[1],"tags":[6,142,9,129,101,141],"class_list":["post-1951","post","type-post","status-publish","format-standard","hentry","category-allgemein","tag-bleau","tag-crashpadrodeo","tag-fontainebleau","tag-gilchinger-meisterschaft","tag-wettkampf","tag-wettkampfkader"],"_links":{"self":[{"href":"http:\/\/www.climbingsessions.com\/index.php?rest_route=\/wp\/v2\/posts\/1951","targetHints":{"allow":["GET"]}}],"collection":[{"href":"http:\/\/www.climbingsessions.com\/index.php?rest_route=\/wp\/v2\/posts"}],"about":[{"href":"http:\/\/www.climbingsessions.com\/index.php?rest_route=\/wp\/v2\/types\/post"}],"author":[{"embeddable":true,"href":"http:\/\/www.climbingsessions.com\/index.php?rest_route=\/wp\/v2\/users\/1"}],"replies":[{"embeddable":true,"href":"http:\/\/www.climbingsessions.com\/index.php?rest_route=%2Fwp%2Fv2%2Fcomments&post=1951"}],"version-history":[{"count":11,"href":"http:\/\/www.climbingsessions.com\/index.php?rest_route=\/wp\/v2\/posts\/1951\/revisions"}],"predecessor-version":[{"id":1963,"href":"http:\/\/www.climbingsessions.com\/index.php?rest_route=\/wp\/v2\/posts\/1951\/revisions\/1963"}],"wp:attachment":[{"href":"http:\/\/www.climbingsessions.com\/index.php?rest_route=%2Fwp%2Fv2%2Fmedia&parent=1951"}],"wp:term":[{"taxonomy":"category","embeddable":true,"href":"http:\/\/www.climbingsessions.com\/index.php?rest_route=%2Fwp%2Fv2%2Fcategories&post=1951"},{"taxonomy":"post_tag","embeddable":true,"href":"http:\/\/www.climbingsessions.com\/index.php?rest_route=%2Fwp%2Fv2%2Ftags&post=1951"}],"curies":[{"name":"wp","href":"https:\/\/api.w.org\/{rel}","templated":true}]}}